{"id":71031,"date":"2019-12-23T11:34:16","date_gmt":"2019-12-23T16:34:16","guid":{"rendered":"https:\/\/linitiative.ca\/International\/la-formation-professionnelle-un-determinant-cle-du-developpement\/"},"modified":"2019-12-23T11:34:16","modified_gmt":"2019-12-23T16:34:16","slug":"la-formation-professionnelle-un-determinant-cle-du-developpement","status":"publish","type":"post","link":"https:\/\/linitiative.ca\/International\/la-formation-professionnelle-un-determinant-cle-du-developpement\/","title":{"rendered":"La formation professionnelle, un d\u00e9terminant cl\u00e9 du d\u00e9veloppement"},"content":{"rendered":"<div readability=\"38\">\n<p>Marrakech \u2013 Le secteur de la Formation Professionnelle constitue un \u00ab\u00a0d\u00e9terminant cl\u00e9\u00a0\u00bb du d\u00e9veloppement \u00e9conomique du pays et d\u2019am\u00e9lioration de l\u2019employabilit\u00e9 des jeunes, a soulign\u00e9, lundi \u00e0 Marrakech, le Secr\u00e9taire g\u00e9n\u00e9ral de ce D\u00e9partement, M. Arafat Atmoun.<\/p>\n<\/div>\n<div readability=\"157.5\">\n<p>Intervenant \u00e0 l\u2019ouverture d\u2019un S\u00e9minaire National sur la Formation Professionnelle Priv\u00e9e, initi\u00e9 par le minist\u00e8re de l\u2019Education nationale, de la Formation professionnelle, de l\u2019Enseignement sup\u00e9rieur et de la Recherche scientifique \u2013 D\u00e9partement de la formation professionnelle, sous le th\u00e8me \u00ab\u00a0Perspective de d\u00e9veloppement de la formation professionnelle priv\u00e9e (FPP), vers un repositionnement du secteur\u00a0\u00bb, M. Atmoun a affirm\u00e9 que la FPP n\u2019est pas en marge de cette r\u00e9forme globale du secteur de la formation professionnelle.<\/p>\n<p>Dans ce sens, il a indiqu\u00e9 que la dynamique enclench\u00e9e en 2000 dans le cadre de la mise en oeuvre des dispositions de la Charte Nationale de l\u2019Education et de la Formation, consacr\u00e9e par la loi 13.00 portant statut de la Formation Professionnelle Priv\u00e9e et ses textes pris pour son application, a permis une \u00e9volution notable de ce secteur, pr\u00e9cisant que ce dispositif institutionnel conf\u00e8re aux \u00e9tablissements de formation professionnelle priv\u00e9e le statut de partenaire de l\u2019Etat et consacre le caract\u00e8re de \u00ab\u00a0service public\u00a0\u00bb \u00e0 l\u2019activit\u00e9 de formation assur\u00e9e par ces \u00e9tablissements.<\/p>\n<p>Et M. Atmoun de relever que ce dispositif a permis de promouvoir un nouveau statut de la FPP et de mettre \u00e0 niveau le secteur par le renforcement de ses capacit\u00e9s organisationnelles et p\u00e9dagogiques et son ouverture sur l\u2019environnement \u00e9conomique et social, ce qui a permis, a-t-il dit, d\u2019organiser la relation entre l\u2019Etat et les investisseurs priv\u00e9s dans ce domaine.<\/p>\n<p>Ledit dispositif a permis \u00e9galement d\u2019institutionnaliser des m\u00e9canismes de concertation, de r\u00e9gulation et de promotion du secteur de la formation professionnelle priv\u00e9e au niveau national et r\u00e9gional, d\u2019instaurer un nouveau mode de gestion et d\u2019\u00e9valuation de la formation bas\u00e9 sur le partenariat entre les \u00e9tablissements et le milieu professionnel, de promouvoir la qualit\u00e9 des formations dispens\u00e9es par le secteur et de reconna\u00eetre les dipl\u00f4mes qu\u2019il d\u00e9livre et garantir ainsi \u00e0 leurs titulaires les m\u00eames droits accord\u00e9s aux dipl\u00f4m\u00e9s du secteur public, a-t-il encha\u00een\u00e9.<\/p>\n<p>Il a, en outre, fait remarquer que cette Rencontre de deux jours s\u2019inscrit dans le cadre de la mise en oeuvre des Hautes Orientations Royales relatives au d\u00e9veloppement du secteur de la formation professionnelle, notant que l\u2019objectif vis\u00e9 \u00e0 travers ce S\u00e9minaire national est de faire en sorte que le positionnement de ce secteur soit adapt\u00e9 et renforc\u00e9 pour am\u00e9liorer la qualit\u00e9 de ses prestations, garantir sa p\u00e9rennisation, et pour une meilleure ad\u00e9quation Formation\/Emploi, dans le cadre d\u2019un syst\u00e8me de bonne gouvernance.<\/p>\n<p>\u00ab\u00a0Les travaux de ce S\u00e9minaire vont permettre de mener ensemble une r\u00e9flexion qui vise l\u2019appui \u00e0 la r\u00e9forme de la formation professionnelle priv\u00e9e, d\u00e9battre de l\u2019\u00e9tat actuel du dispositif et de faire \u00e9merger des propositions et des recommandations pour son am\u00e9lioration\u00a0\u00bb, a-t-il expliqu\u00e9.<\/p>\n<p>Se f\u00e9licitant de la qualit\u00e9 de la coop\u00e9ration entre le D\u00e9partement de la Formation Professionnelle et les diff\u00e9rents partenaires aussi bien publics que priv\u00e9s agissant dans ce secteur, dont la F\u00e9d\u00e9ration Marocaine de l\u2019Enseignement Professionnel Priv\u00e9, il a conclu qu\u2019il s\u2019agit d\u2019une coop\u00e9ration que \u00ab\u00a0nous sommes d\u00e9termin\u00e9s \u00e0 entretenir, \u00e0 \u00e9largir, \u00e0 renforcer davantage, et \u00e0 en accro\u00eetre les impacts b\u00e9n\u00e9fiques escompt\u00e9s\u00a0\u00bb.<\/p>\n<p>Pour sa part, la directrice de la coordination p\u00e9dagogique et du secteur priv\u00e9 au sein du d\u00e9partement de la Formation professionnelle, Mme Wafa Asri, a mis l\u2019accent sur l\u2019importance de la formation professionnelle en tant qu\u2019\u00e9l\u00e9ment d\u00e9terminant dans la conception du mod\u00e8le de d\u00e9veloppement \u00e9conomique et social.<\/p>\n<p>Mme Asri a ainsi pr\u00e9sent\u00e9 un expos\u00e9 exhaustif dans lequel elle a abord\u00e9 le contexte g\u00e9n\u00e9ral du secteur de la formation professionnelle, le cadre juridique le r\u00e9gissant et les indicateurs de la formation professionnelle priv\u00e9e.<\/p>\n<p>Elle s\u2019est \u00e9galement attard\u00e9e sur les atouts du secteur et les limites et contraintes auxquelles il est confront\u00e9, ainsi que sur les actions et travaux entam\u00e9s et les perspectives du secteur, tout en passant en revue le cadre g\u00e9n\u00e9ral de ce s\u00e9minaire.<\/p>\n<div readability=\"92\">\n<p>De son c\u00f4t\u00e9, le pr\u00e9sident de la F\u00e9d\u00e9ration Marocaine de l\u2019Enseignement Professionnel Priv\u00e9, Abbas Ouanim, s\u2019est f\u00e9licit\u00e9 de l\u2019organisation de ce S\u00e9minaire, tout en se focalisant dans son intervention sur le contexte g\u00e9n\u00e9ral dans lequel intervient cette Rencontre d\u00e9di\u00e9e au secteur de la formation professionnelle priv\u00e9e.<\/p>\n<p>M. Ouanim a, en outre, abord\u00e9 l\u2019ampleur de l\u2019investissement priv\u00e9 dans la formation professionnelle, l\u2019offre du secteur priv\u00e9 en la mati\u00e8re \u00e0 travers quelques indicateurs essentiels et les limites de la gouvernance du secteur de la FPP sur les plans juridique, p\u00e9dagogique, technique et administratif.<\/p>\n<p>Lui embo\u00eetant le pas, M. Allal Ouhab, expert en formation professionnelle, a ax\u00e9 son intervention autour du \u00ab\u00a0Benchmark sur le secteur de la formation professionnelle \u2013 cas d\u2019\u00e9tude de quelques pays\u00a0\u00bb, en s\u2019attardant sur les principaux constats, conclusions et enseignements tir\u00e9s de deux \u00e9tudes men\u00e9es dans ce cadre : la premi\u00e8re r\u00e9alis\u00e9e en 2014-2015 sur \u00ab\u00a0l\u2019\u00e9laboration d\u2019une strat\u00e9gie de d\u00e9veloppement de l\u2019enseignement et de la formation professionnelle\u00a0\u00bb ayant port\u00e9 sur l\u2019Angleterre, le Chili, le Canada (Qu\u00e9bec), la Belgique (Wallonie) et la Tunisie.<\/p>\n<p>La deuxi\u00e8me \u00e9tude men\u00e9e, elle, dans le cadre du projet de \u00ab\u00a0Reforme de l\u2019Education par le biais de l\u2019Approche par Comp\u00e9tences\u00a0\u00bb (REAPC), portait uniquement sur la formation professionnelle, et a concern\u00e9 le Canada, la France, les Etats-Unis, la Tunisie et le Chili.<\/p>\n<p>Quant \u00e0 Mme Naima Sabri, manager de formation professionnelle-Millenium Challenge Account (MCA-Maroc), elle a soulign\u00e9 que ce S\u00e9minaire intervient dans \u00ab\u00a0un contexte plus qu\u2019opportun\u00a0\u00bb pour d\u00e9battre des perspectives du secteur, puisque des \u00e9tudes ont \u00e9t\u00e9 r\u00e9alis\u00e9es et des diagnostics effectu\u00e9s, outre la mise en place d\u2019une feuille de route pour le secteur.<\/p>\n<p>Elle a ainsi ax\u00e9 son intervention sur les conclusions de l\u2019\u00e9tude r\u00e9alis\u00e9e en 2018 par le D\u00e9partement de la Formation Professionnelle avec l\u2019appui du MCA-Maroc sur le secteur priv\u00e9 de la formation professionnelle, afin d\u2019\u00e9tablir un diagnostic et des Benchmark \u00e0 l\u2019international, mais aussi pour aboutir \u00e0 des recommandations et propositions pour l\u2019organisation, la gestion et la reconnaissance de la formation professionnelle priv\u00e9e.<\/p>\n<p>Ce S\u00e9minaire de deux jours vient en r\u00e9ponse aux Hautes Orientations Royales contenues dans les diff\u00e9rents Discours de Sa Majest\u00e9 le Roi Mohammed VI qui accorde une importance capitale au d\u00e9veloppement de la formation professionnelle pour la valorisation du capital humain ainsi que pour l\u2019am\u00e9lioration de la comp\u00e9titivit\u00e9 des entreprises.<\/p>\n<p>Cette Rencontre, rehauss\u00e9e par la participation de pr\u00e8s de 300 repr\u00e9sentants des pouvoirs publics, des op\u00e9rateurs publics de formation professionnelle, des partenaires nationaux, des f\u00e9d\u00e9rations des chambres et organisations professionnelles ainsi que des repr\u00e9sentants des associations des \u00e9tablissements de la formation professionnelle priv\u00e9e, qui sont des partenaires strat\u00e9giques de l\u2019Etat en la mati\u00e8re, permettra de formuler des recommandations pour la conception d\u2019un nouveau mod\u00e8le d\u2019organisation et de gestion du secteur de la formation professionnelle priv\u00e9e, \u00e0 travers l\u2019\u00e9laboration d\u2019une feuille de route sp\u00e9cifique qui r\u00e9pondra au mieux aux besoins socio-\u00e9conomiques du pays et ce, en \u00e9troite collaboration avec l\u2019ensemble des partenaires du syst\u00e8me.<\/p>\n<p>Elle s\u2019inscrit aussi dans le cadre de la nouvelle impulsion donn\u00e9e par SM le Roi, avec la mise en place de la feuille de route relative au d\u00e9veloppement de la formation professionnelle que le Souverain a valid\u00e9e en avril 2019.<\/p>\n<p>En effet, le secteur priv\u00e9 constitue un partenaire essentiel dans la mise en \u0153uvre de cette feuille de route.<\/p>\n<\/div>\n<\/div>\n<p>Auteur: Meriem IGASS<br \/>\n<a href=\"http:\/\/www.mapmarrakech.ma\/fr\/formation-2\/\">Cliquez ici pour lire l&rsquo;article depuis sa source.<\/a><\/p>\n","protected":false},"excerpt":{"rendered":"<p>Marrakech \u2013 Le secteur de la Formation Professionnelle constitue un \u00ab\u00a0d\u00e9terminant cl\u00e9\u00a0\u00bb du d\u00e9veloppement \u00e9conomique du pays et d\u2019am\u00e9lioration de l\u2019employabilit\u00e9 des jeunes, a soulign\u00e9, lundi \u00e0 Marrakech, le Secr\u00e9taire g\u00e9n\u00e9ral de ce D\u00e9partement, M. Arafat Atmoun. Intervenant \u00e0 l\u2019ouverture d\u2019un S\u00e9minaire National sur la Formation Professionnelle Priv\u00e9e, initi\u00e9 par le minist\u00e8re de l\u2019Education nationale, [&hellip;]<\/p>\n","protected":false},"author":1788,"featured_media":0,"comment_status":"closed","ping_status":"closed","sticky":false,"template":"","format":"standard","meta":{"fifu_image_url":"","fifu_image_alt":"","footnotes":""},"categories":[54,76],"tags":[],"class_list":["post-71031","post","type-post","status-publish","format-standard","hentry","category-maroc","category-regions"],"_links":{"self":[{"href":"https:\/\/linitiative.ca\/International\/wp-json\/wp\/v2\/posts\/71031","targetHints":{"allow":["GET"]}}],"collection":[{"href":"https:\/\/linitiative.ca\/International\/wp-json\/wp\/v2\/posts"}],"about":[{"href":"https:\/\/linitiative.ca\/International\/wp-json\/wp\/v2\/types\/post"}],"author":[{"embeddable":true,"href":"https:\/\/linitiative.ca\/International\/wp-json\/wp\/v2\/users\/1788"}],"replies":[{"embeddable":true,"href":"https:\/\/linitiative.ca\/International\/wp-json\/wp\/v2\/comments?post=71031"}],"version-history":[{"count":0,"href":"https:\/\/linitiative.ca\/International\/wp-json\/wp\/v2\/posts\/71031\/revisions"}],"wp:attachment":[{"href":"https:\/\/linitiative.ca\/International\/wp-json\/wp\/v2\/media?parent=71031"}],"wp:term":[{"taxonomy":"category","embeddable":true,"href":"https:\/\/linitiative.ca\/International\/wp-json\/wp\/v2\/categories?post=71031"},{"taxonomy":"post_tag","embeddable":true,"href":"https:\/\/linitiative.ca\/International\/wp-json\/wp\/v2\/tags?post=71031"}],"curies":[{"name":"wp","href":"https:\/\/api.w.org\/{rel}","templated":true}]}}