{"id":71032,"date":"2019-12-23T11:01:22","date_gmt":"2019-12-23T16:01:22","guid":{"rendered":"https:\/\/linitiative.ca\/International\/protestation-devant-le-siege-de-lanem-del-oued-5-condamnations-le-journaliste-azeb-cheikh-acquitte\/"},"modified":"2019-12-23T11:01:22","modified_gmt":"2019-12-23T16:01:22","slug":"protestation-devant-le-siege-de-lanem-del-oued-5-condamnations-le-journaliste-azeb-cheikh-acquitte","status":"publish","type":"post","link":"https:\/\/linitiative.ca\/International\/protestation-devant-le-siege-de-lanem-del-oued-5-condamnations-le-journaliste-azeb-cheikh-acquitte\/","title":{"rendered":"Protestation devant le si\u00e8ge de l&rsquo;ANEM d&rsquo;El Oued: 5 condamnations, le journaliste Azeb Cheikh acquitt\u00e9"},"content":{"rendered":"<p><span class=\"sp-nh-title\">Feu Ga\u00efd Salah a r\u00e9ussi \u00e0 pr\u00e9server la souverainet\u00e9 et la libre d\u00e9cision de l&rsquo;Alg\u00e9rie<\/span> &#8211; <span class=\"sp-nh-date\">lundi 23 d\u00e9cembre 2019 19:33<\/span><\/p>\n<p><span class=\"sp-nh-title\">Mila: r\u00e9cup\u00e9ration de plus de 780 biens culturels depuis d\u00e9but 2019<\/span> &#8211; <span class=\"sp-nh-date\">lundi 23 d\u00e9cembre 2019 19:22<\/span><\/p>\n<p><span class=\"sp-nh-title\">Eradication des sacs en plastique: 100.000 sacs en papier \u00e0 distribuer aux boulanges<\/span> &#8211; <span class=\"sp-nh-date\">lundi 23 d\u00e9cembre 2019 19:15<\/span><\/p>\n<p><span class=\"sp-nh-title\">Le d\u00e9funt Ga\u00efd Salah s&rsquo;est acquitt\u00e9 pleinement du devoir de fid\u00e9lit\u00e9 \u00e0 la pr\u00e9servation de l&rsquo;Alg\u00e9rie<\/span> &#8211; <span class=\"sp-nh-date\">lundi 23 d\u00e9cembre 2019 19:07<\/span><\/p>\n<p><span class=\"sp-nh-title\">N\u00e9cessit\u00e9 de valoriser le tourisme de montagne au Parc national de c\u00e8dre de Theniet El Had<\/span> &#8211; <span class=\"sp-nh-date\">lundi 23 d\u00e9cembre 2019 19:03<\/span><\/p>\n<p><span class=\"sp-nh-title\">Congr\u00e8s du front Polisario: Ahmed Ga\u00efd Salah part apr\u00e8s avoir men\u00e9 l&rsquo;Alg\u00e9rie \u00e0 bon port<\/span> &#8211; <span class=\"sp-nh-date\">lundi 23 d\u00e9cembre 2019 18:22<\/span><\/p>\n<p><span class=\"sp-nh-title\">Le d\u00e9funt Ahmed Ga\u00efd Salah: un riche parcours militant au service de l&rsquo;Alg\u00e9rie et de son arm\u00e9e<\/span> &#8211; <span class=\"sp-nh-date\">lundi 23 d\u00e9cembre 2019 18:18<\/span><\/p>\n<p><span class=\"sp-nh-title\">Rabehi: Ga\u00efd Salah, un vaillant patriote dont les positions resteront grav\u00e9es dans l&rsquo;Histoire<\/span> &#8211; <span class=\"sp-nh-date\">lundi 23 d\u00e9cembre 2019 18:14<\/span><\/p>\n<p><span class=\"sp-nh-title\">Hausse des cas du cancer de la prostate durant ces 10 derni\u00e8res ann\u00e9es<\/span> &#8211; <span class=\"sp-nh-date\">lundi 23 d\u00e9cembre 2019 18:02<\/span><\/p>\n<p><span class=\"sp-nh-title\">Le d\u00e9funt Ahmed Gaid Salah: un moudjahid au riche parcours au service de l&rsquo;ANP et de l&rsquo;Alg\u00e9rie<\/span> &#8211; <span class=\"sp-nh-date\">lundi 23 d\u00e9cembre 2019 17:45<\/span><\/p>\n<p><span class=\"sp-nh-title\">D\u00e9c\u00e8s de Ga\u00efd Salah: tristesse et consternation chez les congressistes du Front Polisario<\/span> &#8211; <span class=\"sp-nh-date\">lundi 23 d\u00e9cembre 2019 17:41<\/span><\/p>\n<p><span class=\"sp-nh-title\">Ga\u00efd Salah, l&rsquo;homme qui a jou\u00e9 un r\u00f4le pivot dans la d\u00e9fense de la souverainet\u00e9 nationale<\/span> &#8211; <span class=\"sp-nh-date\">lundi 23 d\u00e9cembre 2019 17:26<\/span><\/p>\n<p><span class=\"sp-nh-title\">Paix en Afrique: l\u2019UA rappelle le respect de l\u2019intangibilit\u00e9 des fronti\u00e8res<\/span> &#8211; <span class=\"sp-nh-date\">lundi 23 d\u00e9cembre 2019 17:25<\/span><\/p>\n<p><span class=\"sp-nh-title\">Festival de la BD et de la caricature: la sensibilit\u00e9 au bout du crayon<\/span> &#8211; <span class=\"sp-nh-date\">lundi 23 d\u00e9cembre 2019 17:20<\/span><\/p>\n<p><span class=\"sp-nh-title\">Ciment: exportation de plus de 1,5 mns de tonnes durant les 9 premiers mois de 2019<\/span> &#8211; <span class=\"sp-nh-date\">lundi 23 d\u00e9cembre 2019 17:09<\/span><\/p>\n<p><span class=\"sp-nh-title\">Championnat maghr\u00e9bin de powerlifting: l&rsquo;Alg\u00e9rie remporte la 1e \u00e9dition \u00e0 Tunis<\/span> &#8211; <span class=\"sp-nh-date\">lundi 23 d\u00e9cembre 2019 17:03<\/span><\/p>\n<p><span class=\"sp-nh-title\">Protestation devant le si\u00e8ge de l&rsquo;ANEM d&rsquo;El Oued: 5 condamnations, le journaliste Azeb Cheikh acquitt\u00e9<\/span> &#8211; <span class=\"sp-nh-date\">lundi 23 d\u00e9cembre 2019 17:01<\/span><\/p>\n<p><span class=\"sp-nh-title\">D\u00e9c\u00e8s du g\u00e9n\u00e9ral de Corps d&rsquo;Arm\u00e9e Ahmed Ga\u00efd Salah<\/span> &#8211; <span class=\"sp-nh-date\">lundi 23 d\u00e9cembre 2019 17:01<\/span><\/p>\n<p><span class=\"sp-nh-title\">Accidents de la circulation: 3.049 morts et 29.095 bless\u00e9s durant les 11 premiers mois de 2019<\/span> &#8211; <span class=\"sp-nh-date\">lundi 23 d\u00e9cembre 2019 16:50<\/span><\/p>\n<p><span class=\"sp-nh-title\">Cyclisme\/Championnats arabes sur piste: la s\u00e9lection alg\u00e9rienne \u00e0 pied d&rsquo;\u0153uvre au Caire<\/span> &#8211; <span class=\"sp-nh-date\">lundi 23 d\u00e9cembre 2019 16:33<\/span><\/p>\n<p>Auteur:<br \/>\n<a href=\"http:\/\/www.aps.dz\/regions\/99312-protestation-devant-le-siege-de-l-anem-d-el-oued-5-condamnations-le-journaliste-azeb-cheikh-acquitte\">Cliquez ici pour lire l&rsquo;article depuis sa source.<\/a><\/p>\n","protected":false},"excerpt":{"rendered":"<p>Feu Ga\u00efd Salah a r\u00e9ussi \u00e0 pr\u00e9server la souverainet\u00e9 et la libre d\u00e9cision de l&rsquo;Alg\u00e9rie &#8211; lundi 23 d\u00e9cembre 2019 19:33 Mila: r\u00e9cup\u00e9ration de plus de 780 biens culturels depuis d\u00e9but 2019 &#8211; lundi 23 d\u00e9cembre 2019 19:22 Eradication des sacs en plastique: 100.000 sacs en papier \u00e0 distribuer aux boulanges &#8211; lundi 23 d\u00e9cembre [&hellip;]<\/p>\n","protected":false},"author":1790,"featured_media":0,"comment_status":"closed","ping_status":"closed","sticky":false,"template":"","format":"standard","meta":{"fifu_image_url":"","fifu_image_alt":"","footnotes":""},"categories":[53,76],"tags":[],"class_list":["post-71032","post","type-post","status-publish","format-standard","hentry","category-algerie","category-regions"],"_links":{"self":[{"href":"https:\/\/linitiative.ca\/International\/wp-json\/wp\/v2\/posts\/71032","targetHints":{"allow":["GET"]}}],"collection":[{"href":"https:\/\/linitiative.ca\/International\/wp-json\/wp\/v2\/posts"}],"about":[{"href":"https:\/\/linitiative.ca\/International\/wp-json\/wp\/v2\/types\/post"}],"author":[{"embeddable":true,"href":"https:\/\/linitiative.ca\/International\/wp-json\/wp\/v2\/users\/1790"}],"replies":[{"embeddable":true,"href":"https:\/\/linitiative.ca\/International\/wp-json\/wp\/v2\/comments?post=71032"}],"version-history":[{"count":0,"href":"https:\/\/linitiative.ca\/International\/wp-json\/wp\/v2\/posts\/71032\/revisions"}],"wp:attachment":[{"href":"https:\/\/linitiative.ca\/International\/wp-json\/wp\/v2\/media?parent=71032"}],"wp:term":[{"taxonomy":"category","embeddable":true,"href":"https:\/\/linitiative.ca\/International\/wp-json\/wp\/v2\/categories?post=71032"},{"taxonomy":"post_tag","embeddable":true,"href":"https:\/\/linitiative.ca\/International\/wp-json\/wp\/v2\/tags?post=71032"}],"curies":[{"name":"wp","href":"https:\/\/api.w.org\/{rel}","templated":true}]}}