{"id":71033,"date":"2019-12-23T13:03:50","date_gmt":"2019-12-23T18:03:50","guid":{"rendered":"https:\/\/linitiative.ca\/International\/necessite-de-valoriser-le-tourisme-de-montagne-au-parc-national-de-cedre-de-theniet-el-had\/"},"modified":"2019-12-23T13:03:50","modified_gmt":"2019-12-23T18:03:50","slug":"necessite-de-valoriser-le-tourisme-de-montagne-au-parc-national-de-cedre-de-theniet-el-had","status":"publish","type":"post","link":"https:\/\/linitiative.ca\/International\/necessite-de-valoriser-le-tourisme-de-montagne-au-parc-national-de-cedre-de-theniet-el-had\/","title":{"rendered":"N\u00e9cessit\u00e9 de valoriser le tourisme de montagne au Parc national de c\u00e8dre de Theniet El Had"},"content":{"rendered":"<div readability=\"36\">\n<p><strong>TISSEMSILT &#8211; Les participants \u00e0 une journ\u00e9e d&rsquo;\u00e9tude sur les \u00ab\u00a0Perspectives du tourisme de montagne au Parc de c\u00e9dre\u00a0\u00bb, organis\u00e9e lundi \u00e0 Theniet El Had (Tissemsilt), ont insist\u00e9 sur la promotion et la valorisation du tourisme de montagne dans la for\u00eat d&rsquo;El Medad.<\/strong><\/p>\n<\/div>\n<div readability=\"76.1697268249\">\n<p>Le pr\u00e9sident de l&rsquo;Association \u00ab\u00a0C\u00e8dre\u00a0\u00bb de protection de l&rsquo;environnement et du d\u00e9veloppement durable dans la commune de Theniet El Had, Ghanem inner, a mis l&rsquo;accent lors de cette rencontre tenue dans le cadre de la derni\u00e8re journ\u00e9e des portes ouvertes sur le parc des c\u00e8dre, sur l&rsquo;importance des activit\u00e9s sportives et environnementales dans la promotion et la valorisation du tourisme de montagne dans la for\u00eat d&rsquo;El Medad.<\/p>\n<p>Il a appel\u00e9 les directions du Tourisme, de la Jeunesse et des Sports, et de l&rsquo;Environnement \u00e0 \u00ab\u00a0accompagner les associations locales ainsi que les Offices locaux de tourisme dans l&rsquo;organisation d&rsquo;initiatives li\u00e9es aux sports de montagne et aux activit\u00e9s environnementales, de jeunesse, et de sensibilisation dans la for\u00eat de c\u00e8dre.<\/p>\n<p>De son c\u00f4t\u00e9, le repr\u00e9sentant du Parc national de c\u00e8dre, Hassan Ouamer, a soulign\u00e9 la n\u00e9cessit\u00e9 d\u2019impliquer les jeunes adh\u00e9rents aux associations de la wilaya et d\u2019autres dans les activit\u00e9s au niveau des espaces naturels adjacents \u00e0 la for\u00eat d&rsquo;El Medad, dont celles li\u00e9es aux sports de montagne, \u00e0 la marche p\u00e9destre, au camping et \u00e0 la d\u00e9couverte de la nature.<\/p>\n<hr\/>\n<h3>Lire aussi:\u00a0<a href=\"http:\/\/www.aps.dz\/regions\/89008-parc-national-de-theniet-el-had-un-pole-de-tourisme-ecologique-et-de-montagne-par-excellence\" target=\"_blank\" rel=\"noopener noreferrer\">Parc national de Theniet El Had: un p\u00f4le de tourisme \u00e9cologique par excellence<\/a><\/h3>\n<hr\/>\n<p>Le repr\u00e9sentant du club amateur de sports de montagne de Theniet El Had, Zaalit Mourad, a propos\u00e9 pour sa part de d\u00e9terminer des zones destin\u00e9es aux sports de montagne au sein de la for\u00eat de c\u00e8dre en collaboration avec la maison du parc et le secteur de la jeunesse et des sports pour cr\u00e9er une dynamique touristique dans la r\u00e9gion.<\/p>\n<p>Les portes ouvertes sur le Parc national des c\u00e8dre de Theniet El Had, organis\u00e9es une semaine durant \u00e0 l&rsquo;initiative de la maison du parc en coordination avec la Conservation des for\u00eats, dans le cadre de la c\u00e9l\u00e9bration de la Journ\u00e9e mondiale de la montagne, ont donn\u00e9 lieu \u00e0 de nombreuses activit\u00e9s, dont des expositions de photos mettant en exergue les paysages attrayants de la for\u00eat El Medad.<\/p>\n<p>Une journ\u00e9e de sensibilisation sur la pr\u00e9servation de la for\u00eat de c\u00e8dre a \u00e9t\u00e9 \u00e9galement organis\u00e9e ciblant les visiteurs, les \u00e9l\u00e8ves et les stagiaires du Centre de formation professionnelle et d\u2019apprentissage (CFPA) de Theniet El Had.<\/p>\n<\/div>\n<p>Auteur:<br \/>\n<a href=\"http:\/\/www.aps.dz\/regions\/99324-necessite-de-valoriser-le-tourisme-de-montagne-au-parc-national-de-cedre-de-theniet-el-had\">Cliquez ici pour lire l&rsquo;article depuis sa source.<\/a><\/p>\n","protected":false},"excerpt":{"rendered":"<p>TISSEMSILT &#8211; Les participants \u00e0 une journ\u00e9e d&rsquo;\u00e9tude sur les \u00ab\u00a0Perspectives du tourisme de montagne au Parc de c\u00e9dre\u00a0\u00bb, organis\u00e9e lundi \u00e0 Theniet El Had (Tissemsilt), ont insist\u00e9 sur la promotion et la valorisation du tourisme de montagne dans la for\u00eat d&rsquo;El Medad. Le pr\u00e9sident de l&rsquo;Association \u00ab\u00a0C\u00e8dre\u00a0\u00bb de protection de l&rsquo;environnement et du d\u00e9veloppement [&hellip;]<\/p>\n","protected":false},"author":1790,"featured_media":0,"comment_status":"closed","ping_status":"closed","sticky":false,"template":"","format":"standard","meta":{"fifu_image_url":"","fifu_image_alt":"","footnotes":""},"categories":[53,76],"tags":[],"class_list":["post-71033","post","type-post","status-publish","format-standard","hentry","category-algerie","category-regions"],"_links":{"self":[{"href":"https:\/\/linitiative.ca\/International\/wp-json\/wp\/v2\/posts\/71033","targetHints":{"allow":["GET"]}}],"collection":[{"href":"https:\/\/linitiative.ca\/International\/wp-json\/wp\/v2\/posts"}],"about":[{"href":"https:\/\/linitiative.ca\/International\/wp-json\/wp\/v2\/types\/post"}],"author":[{"embeddable":true,"href":"https:\/\/linitiative.ca\/International\/wp-json\/wp\/v2\/users\/1790"}],"replies":[{"embeddable":true,"href":"https:\/\/linitiative.ca\/International\/wp-json\/wp\/v2\/comments?post=71033"}],"version-history":[{"count":0,"href":"https:\/\/linitiative.ca\/International\/wp-json\/wp\/v2\/posts\/71033\/revisions"}],"wp:attachment":[{"href":"https:\/\/linitiative.ca\/International\/wp-json\/wp\/v2\/media?parent=71033"}],"wp:term":[{"taxonomy":"category","embeddable":true,"href":"https:\/\/linitiative.ca\/International\/wp-json\/wp\/v2\/categories?post=71033"},{"taxonomy":"post_tag","embeddable":true,"href":"https:\/\/linitiative.ca\/International\/wp-json\/wp\/v2\/tags?post=71033"}],"curies":[{"name":"wp","href":"https:\/\/api.w.org\/{rel}","templated":true}]}}