{"id":71034,"date":"2019-12-22T14:43:17","date_gmt":"2019-12-22T19:43:17","guid":{"rendered":"https:\/\/linitiative.ca\/International\/plus-de-1-200-beneficiaires-dune-caravane-medicale-a-touissit\/"},"modified":"2019-12-22T14:43:17","modified_gmt":"2019-12-22T19:43:17","slug":"plus-de-1-200-beneficiaires-dune-caravane-medicale-a-touissit","status":"publish","type":"post","link":"https:\/\/linitiative.ca\/International\/plus-de-1-200-beneficiaires-dune-caravane-medicale-a-touissit\/","title":{"rendered":"Plus de 1.200 b\u00e9n\u00e9ficiaires d\u2019une caravane m\u00e9dicale \u00e0 Touissit"},"content":{"rendered":"<p class=\"c4\">Quelque 1.204 personnes ont b\u00e9n\u00e9fici\u00e9 d\u2019une caravane m\u00e9dicale pluridisciplinaire organis\u00e9e, dimanche, \u00e0 l\u2019Institut des mines de Touissit dans la province de Jerada.<\/p>\n<p class=\"c4\">Selon un communiqu\u00e9 de la pr\u00e9fecture de la province de Jerada, cette caravane, encadr\u00e9e par un staff m\u00e9dical et param\u00e9dical compos\u00e9 de 37 membres, a permis de dispenser des consultations et de prodiguer les soins n\u00e9cessaires dans plusieurs sp\u00e9cialit\u00e9s.<\/p>\n<p class=\"c4\">Il s\u2019agit notamment de consultations en cardiologie, ophtalmologie, p\u00e9diatrie, ORL, psychiatrie, urologie, gyn\u00e9cologie, rhumatologie, en sus de tests de d\u00e9pistage de diab\u00e8te, et ce au profit de personnes n\u00e9cessiteuses des communes de Touissit, Sidi Boubker, Tiouli et Ras Ousfour.<\/p>\n<p class=\"c4\">Cette caravane est initi\u00e9e par le club Royal Motos d\u2019Oujda en coordination et en coop\u00e9ration avec la D\u00e9l\u00e9gation provinciale du minist\u00e8re de la Sant\u00e9, et avec le soutien de la pr\u00e9fecture de la province de Jerada et le Conseil provincial, pr\u00e9cise le communiqu\u00e9.<\/p>\n<p class=\"c4\">La m\u00eame source fait savoir que le gouverneur de la province de Jerada, Mabrouk Tabet, a rendu visite \u00e0 cette caravane qui s\u2019inscrit dans le sillage des efforts visant \u00e0 rapprocher les soins et prestations m\u00e9dicaux des couches sociales d\u00e9munies dans la province.<\/p>\n<p>Auteur: Soufiane ELAHMAR<br \/>\n<a href=\"http:\/\/www.mapoujda.ma\/fr\/1-204-beneficiaires-dune-caravane-medicale-a-touissit\/\">Cliquez ici pour lire l&rsquo;article depuis sa source.<\/a><\/p>\n","protected":false},"excerpt":{"rendered":"<p>Quelque 1.204 personnes ont b\u00e9n\u00e9fici\u00e9 d\u2019une caravane m\u00e9dicale pluridisciplinaire organis\u00e9e, dimanche, \u00e0 l\u2019Institut des mines de Touissit dans la province de Jerada. Selon un communiqu\u00e9 de la pr\u00e9fecture de la province de Jerada, cette caravane, encadr\u00e9e par un staff m\u00e9dical et param\u00e9dical compos\u00e9 de 37 membres, a permis de dispenser des consultations et de prodiguer [&hellip;]<\/p>\n","protected":false},"author":1788,"featured_media":0,"comment_status":"closed","ping_status":"closed","sticky":false,"template":"","format":"standard","meta":{"fifu_image_url":"","fifu_image_alt":"","footnotes":""},"categories":[54,76],"tags":[],"class_list":["post-71034","post","type-post","status-publish","format-standard","hentry","category-maroc","category-regions"],"_links":{"self":[{"href":"https:\/\/linitiative.ca\/International\/wp-json\/wp\/v2\/posts\/71034","targetHints":{"allow":["GET"]}}],"collection":[{"href":"https:\/\/linitiative.ca\/International\/wp-json\/wp\/v2\/posts"}],"about":[{"href":"https:\/\/linitiative.ca\/International\/wp-json\/wp\/v2\/types\/post"}],"author":[{"embeddable":true,"href":"https:\/\/linitiative.ca\/International\/wp-json\/wp\/v2\/users\/1788"}],"replies":[{"embeddable":true,"href":"https:\/\/linitiative.ca\/International\/wp-json\/wp\/v2\/comments?post=71034"}],"version-history":[{"count":0,"href":"https:\/\/linitiative.ca\/International\/wp-json\/wp\/v2\/posts\/71034\/revisions"}],"wp:attachment":[{"href":"https:\/\/linitiative.ca\/International\/wp-json\/wp\/v2\/media?parent=71034"}],"wp:term":[{"taxonomy":"category","embeddable":true,"href":"https:\/\/linitiative.ca\/International\/wp-json\/wp\/v2\/categories?post=71034"},{"taxonomy":"post_tag","embeddable":true,"href":"https:\/\/linitiative.ca\/International\/wp-json\/wp\/v2\/tags?post=71034"}],"curies":[{"name":"wp","href":"https:\/\/api.w.org\/{rel}","templated":true}]}}