{"id":71035,"date":"2019-12-22T17:21:46","date_gmt":"2019-12-22T22:21:46","guid":{"rendered":"https:\/\/linitiative.ca\/International\/le-festival-culturel-et-pedagogique-encourage-lexcellence\/"},"modified":"2019-12-22T17:21:46","modified_gmt":"2019-12-22T22:21:46","slug":"le-festival-culturel-et-pedagogique-encourage-lexcellence","status":"publish","type":"post","link":"https:\/\/linitiative.ca\/International\/le-festival-culturel-et-pedagogique-encourage-lexcellence\/","title":{"rendered":"Le Festival culturel et p\u00e9dagogique encourage l\u2019excellence"},"content":{"rendered":"<p class=\"c4\">La ville de Taourirt a abrit\u00e9, les 20 et 21 d\u00e9cembre courant, la deuxi\u00e8me \u00e9dition de son Festival culturel et p\u00e9dagogique sous le th\u00e8me \u00ab\u00a0Une jeunesse excellente, un Maroc rayonnant\u00a0\u00bb.<\/p>\n<p class=\"c4\">Organis\u00e9e \u00e0 l\u2019initiative du club \u00ab\u00a0Maison de l\u2019artiste\u00a0\u00bb relevant de l\u2019association Palette du monde, cette manifestation a pour objectif de mettre en valeur les potentialit\u00e9s et les comp\u00e9tences dont jouit la province de Taourirt en particulier.<\/p>\n<p class=\"c4\">Cette \u00e9dition a ainsi tenu \u00e0 c\u00e9l\u00e9brer les \u00e9l\u00e8ves et les jeunes ayant fait preuve d\u2019un sens \u00e9lev\u00e9 de pers\u00e9v\u00e9rance et d\u2019esprit studieux et qui se sont distingu\u00e9s dans divers domaines au niveau r\u00e9gional, national ou international.<\/p>\n<p class=\"c4\">Pour les organisateurs, il s\u2019agit d\u2019encourager les \u00e9l\u00e8ves les plus m\u00e9ritants et des jeunes qui ont brill\u00e9 par leurs talents et leurs comp\u00e9tences dans des domaines vari\u00e9s, tels que la m\u00e9decine, les arts plastiques, le journalisme, la science ou encore la litt\u00e9rature, et de promouvoir la culture de l\u2019excellence et la cr\u00e9ativit\u00e9.<\/p>\n<p class=\"c4\">Un hommage appuy\u00e9 a \u00e9t\u00e9 rendu \u00e0 ces jeunes, parmi lesquels les \u00e9tudiants de la facult\u00e9 de m\u00e9decine d\u2019Oujda qui ont remport\u00e9 la comp\u00e9tition internationale de simulation m\u00e9dicale SIMCUP, le 14 octobre dernier \u00e0 Prague, le meilleur blogueur de l\u2019ann\u00e9e Mohamed Serghini, et l\u2019artiste peintre Fatima Zahra Chadid.<\/p>\n<p class=\"c4\">A rappeler que l\u2019ann\u00e9e derni\u00e8re, le festival a rendu hommage \u00e0 la petite Meriem Amjoune, laur\u00e9ate du prestigieux concours \u00abD\u00e9fi de la lecture arabe\u00bb (Arab Reading Challenge) aux \u00c9mirats Arabes Unis.<\/p>\n<p class=\"c4\">Organis\u00e9e en partenariat avec la pr\u00e9fecture de la province de Taourirt, la commune de Taourirt et les d\u00e9partements de l\u2019Education nationale et de la Culture, cette deuxi\u00e8me \u00e9dition a \u00e9t\u00e9 ponctu\u00e9e par des activit\u00e9s musicales et de divertissement au grand bonheur de l\u2019assistance.<\/p>\n<p class=\"c4\">De l\u2019avis du d\u00e9l\u00e9gu\u00e9 r\u00e9gional de la Culture, Mountassir Loukili, la deuxi\u00e8me \u00e9dition du Festival culturel et p\u00e9dagogique de Taourirt a constitu\u00e9 une opportunit\u00e9 pour mettre en avant le potentiel artistique et culturel de cette province qui, a-t-il dit, jouit d\u2019un riche patrimoine mat\u00e9riel et immat\u00e9riel.<\/p>\n<p>Auteur: Soufiane ELAHMAR<br \/>\n<a href=\"http:\/\/www.mapoujda.ma\/fr\/le-festival-culturel-et-pedagogique-encourage-lexcellence\/\">Cliquez ici pour lire l&rsquo;article depuis sa source.<\/a><\/p>\n","protected":false},"excerpt":{"rendered":"<p>La ville de Taourirt a abrit\u00e9, les 20 et 21 d\u00e9cembre courant, la deuxi\u00e8me \u00e9dition de son Festival culturel et p\u00e9dagogique sous le th\u00e8me \u00ab\u00a0Une jeunesse excellente, un Maroc rayonnant\u00a0\u00bb. Organis\u00e9e \u00e0 l\u2019initiative du club \u00ab\u00a0Maison de l\u2019artiste\u00a0\u00bb relevant de l\u2019association Palette du monde, cette manifestation a pour objectif de mettre en valeur les potentialit\u00e9s [&hellip;]<\/p>\n","protected":false},"author":1788,"featured_media":0,"comment_status":"closed","ping_status":"closed","sticky":false,"template":"","format":"standard","meta":{"fifu_image_url":"","fifu_image_alt":"","footnotes":""},"categories":[54,76],"tags":[],"class_list":["post-71035","post","type-post","status-publish","format-standard","hentry","category-maroc","category-regions"],"_links":{"self":[{"href":"https:\/\/linitiative.ca\/International\/wp-json\/wp\/v2\/posts\/71035","targetHints":{"allow":["GET"]}}],"collection":[{"href":"https:\/\/linitiative.ca\/International\/wp-json\/wp\/v2\/posts"}],"about":[{"href":"https:\/\/linitiative.ca\/International\/wp-json\/wp\/v2\/types\/post"}],"author":[{"embeddable":true,"href":"https:\/\/linitiative.ca\/International\/wp-json\/wp\/v2\/users\/1788"}],"replies":[{"embeddable":true,"href":"https:\/\/linitiative.ca\/International\/wp-json\/wp\/v2\/comments?post=71035"}],"version-history":[{"count":0,"href":"https:\/\/linitiative.ca\/International\/wp-json\/wp\/v2\/posts\/71035\/revisions"}],"wp:attachment":[{"href":"https:\/\/linitiative.ca\/International\/wp-json\/wp\/v2\/media?parent=71035"}],"wp:term":[{"taxonomy":"category","embeddable":true,"href":"https:\/\/linitiative.ca\/International\/wp-json\/wp\/v2\/categories?post=71035"},{"taxonomy":"post_tag","embeddable":true,"href":"https:\/\/linitiative.ca\/International\/wp-json\/wp\/v2\/tags?post=71035"}],"curies":[{"name":"wp","href":"https:\/\/api.w.org\/{rel}","templated":true}]}}