{"id":71036,"date":"2019-12-23T09:42:15","date_gmt":"2019-12-23T14:42:15","guid":{"rendered":"https:\/\/linitiative.ca\/International\/plus-de-500-detenus-profitent-dune-campagne-medicale\/"},"modified":"2019-12-23T09:42:15","modified_gmt":"2019-12-23T14:42:15","slug":"plus-de-500-detenus-profitent-dune-campagne-medicale","status":"publish","type":"post","link":"https:\/\/linitiative.ca\/International\/plus-de-500-detenus-profitent-dune-campagne-medicale\/","title":{"rendered":"Plus de 500 d\u00e9tenus profitent d\u2019une campagne m\u00e9dicale"},"content":{"rendered":"<p class=\"c4\">Plus de 500 pensionnaires de la prison locale de Bouarfa ont b\u00e9n\u00e9fici\u00e9, dimanche, d\u2019une campagne m\u00e9dicale multidisciplinaire organis\u00e9e par la Fondation Mohammed VI pour la r\u00e9insertion des d\u00e9tenus.<\/p>\n<p class=\"c4\">Cette initiative, men\u00e9e en partenariat avec la D\u00e9l\u00e9gation g\u00e9n\u00e9rale \u00e0 l\u2019administration p\u00e9nitentiaire et \u00e0 la r\u00e9insertion, le minist\u00e8re de la Sant\u00e9, le conseil r\u00e9gional de l\u2019Ordre des m\u00e9decins de l\u2019Oriental et la Fondation de l\u2019Oriental pour le soutien \u00e0 la sant\u00e9, l\u2019\u00e9ducation et l\u2019action sociale, s\u2019inscrit dans le cadre du renforcement des soins et des services de sant\u00e9 au profit des pensionnaires des \u00e9tablissements p\u00e9nitentiaires.<\/p>\n<p class=\"c4\">La campagne m\u00e9dicale, organis\u00e9e conform\u00e9ment \u00e0 la politique \u00e9clair\u00e9e de SM le Roi Mohammed VI en mati\u00e8re de pr\u00e9servation de la dignit\u00e9 humaine au profit de cette cat\u00e9gorie de citoyens, a permis de dispenser des consultations et soins m\u00e9dicaux dans plusieurs sp\u00e9cialit\u00e9s, \u00e0 savoir la m\u00e9decine g\u00e9n\u00e9rale, la cardiologie, l\u2019ophtalmologie, la gastroent\u00e9rologie, l\u2019endocrinologie, la n\u00e9phrologie, la pneumologie, la m\u00e9decine mentale et psychiatrie, la dermatologie et la m\u00e9decine dentaire.<\/p>\n<p class=\"c4\">Dans une d\u00e9claration \u00e0 la MAP \u00e0 cette occasion, Zakaria Larche, chef de projets sant\u00e9 \u00e0 la Fondation Mohammed VI pour la r\u00e9insertion des d\u00e9tenus, a indiqu\u00e9 que cette initiative s\u2019inscrit dans le cadre de la mise en \u0153uvre de la convention de partenariat entre la Fondation, la D\u00e9l\u00e9gation g\u00e9n\u00e9rale \u00e0 l\u2019administration p\u00e9nitentiaire et \u00e0 la r\u00e9insertion et le minist\u00e8re de la Sant\u00e9.<\/p>\n<p class=\"c4\">L\u2019objectif de cette campagne m\u00e9dicale et de renforcer la couverture en soins de sant\u00e9 au profit des pensionnaires de la prison locale de Bouarfa et leur permettre d\u2019acc\u00e9der aux soins et au suivi m\u00e9dical \u00e0 l\u2019instar des autres cat\u00e9gories de la soci\u00e9t\u00e9.<\/p>\n<p class=\"c4\">De son c\u00f4t\u00e9, le directeur r\u00e9gional de la Sant\u00e9 de l\u2019Oriental, Abdelmalek Koualla, a soulign\u00e9 que cette initiative cible une cat\u00e9gorie pr\u00e9caire de citoyens et permet de prodiguer des soins et offrir un suivi m\u00e9dical en faveur d\u2019un grand nombre de pensionnaires de la prison locale de Bouarfa.<\/p>\n<p class=\"c4\">Cette campagne m\u00e9dicale est \u00e9galement marqu\u00e9e par la distribution de m\u00e9dicaments et de couvertures aux d\u00e9tenus b\u00e9n\u00e9ficiaires, a-t-il ajout\u00e9, saluant la collaboration, \u00e0 cet effet, de la pr\u00e9fecture de la province de Figuig et des conseils provincial et communal.<\/p>\n<p class=\"c4\">Pour sa part, le directeur de la prison locale de Bouarfa, Abderrahim Amlouk, a relev\u00e9 que cette campagne m\u00e9dicale s\u2019inscrit dans le cadre des efforts visant le renforcement des soins de sant\u00e9 et l\u2019am\u00e9lioration des conditions d\u2019h\u00e9bergement des d\u00e9tenus, de m\u00eame qu\u2019elle permet d\u2019\u00e9viter le transfert des patients vers la ville d\u2019Oujda en ce qui concerne certaines sp\u00e9cialit\u00e9s m\u00e9dicales.<\/p>\n<p>Auteur: Soufiane ELAHMAR<br \/>\n<a href=\"http:\/\/www.mapoujda.ma\/fr\/plus-de-500-detenus-profitent-dune-campagne-medicale\/\">Cliquez ici pour lire l&rsquo;article depuis sa source.<\/a><\/p>\n","protected":false},"excerpt":{"rendered":"<p>Plus de 500 pensionnaires de la prison locale de Bouarfa ont b\u00e9n\u00e9fici\u00e9, dimanche, d\u2019une campagne m\u00e9dicale multidisciplinaire organis\u00e9e par la Fondation Mohammed VI pour la r\u00e9insertion des d\u00e9tenus. Cette initiative, men\u00e9e en partenariat avec la D\u00e9l\u00e9gation g\u00e9n\u00e9rale \u00e0 l\u2019administration p\u00e9nitentiaire et \u00e0 la r\u00e9insertion, le minist\u00e8re de la Sant\u00e9, le conseil r\u00e9gional de l\u2019Ordre des [&hellip;]<\/p>\n","protected":false},"author":1788,"featured_media":0,"comment_status":"closed","ping_status":"closed","sticky":false,"template":"","format":"standard","meta":{"fifu_image_url":"","fifu_image_alt":"","footnotes":""},"categories":[54,76],"tags":[],"class_list":["post-71036","post","type-post","status-publish","format-standard","hentry","category-maroc","category-regions"],"_links":{"self":[{"href":"https:\/\/linitiative.ca\/International\/wp-json\/wp\/v2\/posts\/71036","targetHints":{"allow":["GET"]}}],"collection":[{"href":"https:\/\/linitiative.ca\/International\/wp-json\/wp\/v2\/posts"}],"about":[{"href":"https:\/\/linitiative.ca\/International\/wp-json\/wp\/v2\/types\/post"}],"author":[{"embeddable":true,"href":"https:\/\/linitiative.ca\/International\/wp-json\/wp\/v2\/users\/1788"}],"replies":[{"embeddable":true,"href":"https:\/\/linitiative.ca\/International\/wp-json\/wp\/v2\/comments?post=71036"}],"version-history":[{"count":0,"href":"https:\/\/linitiative.ca\/International\/wp-json\/wp\/v2\/posts\/71036\/revisions"}],"wp:attachment":[{"href":"https:\/\/linitiative.ca\/International\/wp-json\/wp\/v2\/media?parent=71036"}],"wp:term":[{"taxonomy":"category","embeddable":true,"href":"https:\/\/linitiative.ca\/International\/wp-json\/wp\/v2\/categories?post=71036"},{"taxonomy":"post_tag","embeddable":true,"href":"https:\/\/linitiative.ca\/International\/wp-json\/wp\/v2\/tags?post=71036"}],"curies":[{"name":"wp","href":"https:\/\/api.w.org\/{rel}","templated":true}]}}