{"id":71039,"date":"2019-12-23T05:15:00","date_gmt":"2019-12-23T10:15:00","guid":{"rendered":"https:\/\/linitiative.ca\/International\/quand-les-marocains-redecouvrent-les-musees\/"},"modified":"2019-12-23T05:15:00","modified_gmt":"2019-12-23T10:15:00","slug":"quand-les-marocains-redecouvrent-les-musees","status":"publish","type":"post","link":"https:\/\/linitiative.ca\/International\/quand-les-marocains-redecouvrent-les-musees\/","title":{"rendered":"Quand les Marocains red\u00e9couvrent les mus\u00e9es"},"content":{"rendered":"<div readability=\"36\">\n<p>La Fondation nationale des mus\u00e9es dresse son bilan<\/p>\n<p>Plus de 20 expositions entre 2014 et 2019 au MMVI<\/p>\n<p>Une politique de restauration des institutions mus\u00e9ales<\/p>\n<\/div>\n<div readability=\"169\">\n<div class=\"dnd-atom-wrapper type-image context-sdl_editor_representation\" contenteditable=\"false\" readability=\"32.5\">\n<div class=\"dnd-drop-wrapper image\"><img loading=\"lazy\" decoding=\"async\" typeof=\"foaf:Image\" class=\"img-responsive\" src=\"https:\/\/www.leconomiste.com\/sites\/default\/files\/eco7\/public\/thumbnails\/image\/roi-musee-059.jpg\" width=\"660\" height=\"330\" alt=\"roi-musee-059.jpg\" title=\"roi-musee-059.jpg\"\/><\/div>\n<div class=\"dnd-legend-wrapper\" contenteditable=\"true\" readability=\"10\">\n<p class=\"rtejustify\">Le Souverain inaugurant le MMVI en 2014. Le mus\u00e9e est la premi\u00e8re institution mus\u00e9ale dans le Royaume \u00e0 se consacrer enti\u00e8rement \u00e0 l\u2019art moderne et contemporain, et qui r\u00e9pond aux normes mus\u00e9ographiques internationales\u00a0 <em>(Ph. MAP)<\/em><\/p>\n<\/div>\n<\/div>\n<p class=\"rtejustify\">C\u00c9SAR, une histoire m\u00e9diterran\u00e9enne, La M\u00e9diterran\u00e9e et l\u2019art moderne &#8211; Collection du centre Pompidou, R\u00e9trospective Giacometti, Les couleurs de l\u2019impressionnisme, chefs-d\u2019\u0153uvre des collections du Mus\u00e9e d\u2019Orsay, De Goya \u00e0 nos jours, Regards sur la Collection Banco de Espa\u00f1a, Face \u00e0 Picasso\u2026 C\u2019est un bilan plus qu\u2019honorable qu\u2019a pr\u00e9sent\u00e9 la Fondation nationale des mus\u00e9es (FNM), qui souffle sa cinqui\u00e8me bougie.<\/p>\n<p class=\"rtejustify\">Pas moins de 20 expositions de facture universelle ont \u00e9t\u00e9 pr\u00e9sent\u00e9es au Mus\u00e9e Mohammed VI d\u2019art moderne et contemporain (MMVI) entre 2014 et 2019. Certaines d\u2019entre elles auraient eu parfaitement leur place dans les plus prestigieuses institutions mus\u00e9ales du monde du MoMa \u00e0 New York, au centre Pompidou \u00e0 Paris ou \u00e0 la Tate de Londres.<\/p>\n<div class=\"dnd-atom-wrapper type-image context-sdl_editor_representation\" contenteditable=\"false\" readability=\"35\">\n<div class=\"dnd-drop-wrapper image\"><img loading=\"lazy\" decoding=\"async\" typeof=\"foaf:Image\" class=\"img-responsive\" src=\"https:\/\/www.leconomiste.com\/sites\/default\/files\/eco7\/public\/thumbnails\/image\/exposition-face-a-picasso-059.jpg\" width=\"660\" height=\"330\" alt=\"exposition-face-a-picasso-059.jpg\" title=\"exposition-face-a-picasso-059.jpg\"\/><\/div>\n<p>L\u2019exposition \u00abFace \u00e0 Picasso\u00bb. Pour la premi\u00e8re fois, une exposition de plus de cent \u0153uvres du g\u00e9nie issues des collections du Mus\u00e9e national Picasso-Paris ont \u00e9t\u00e9 pr\u00e9sent\u00e9es \u00e0 Rabat <em>(Ph. Bziouat)<\/em><\/p>\n<\/div>\n<p class=\"rtejustify\">\u00abNotre principal objectif est de donner \u00e0 la culture et l\u2019art marocain la grande place qui leur sied, mais aussi faire du Maroc un lieu d\u2019accueil des grandes expositions des grands artistes du monde. Cette orientation, impuls\u00e9e par la volont\u00e9 de Sa Majest\u00e9 le Roi Mohammed VI de renforcer les acquis artistiques s\u00e9culaires du Royaume\u00bb, d\u00e9clare \u00e0 l\u2019occasion Mehdi Qotbi, pr\u00e9sident de la FNM et grand architecte de cette aventure culturelle. Il faut dire que les artistes marocains n\u2019ont pas \u00e9t\u00e9 en reste.<\/p>\n<p class=\"rtejustify\">La premi\u00e8re institution mus\u00e9ale dans le Royaume \u00e0 se consacrer enti\u00e8rement \u00e0 l\u2019art moderne et contemporain, et qui r\u00e9pond aux normes mus\u00e9ographiques internationales, a en effet organis\u00e9 pendant cette p\u00e9riode quelques belles expositions d\u00e9di\u00e9es aux artistes nationaux dont: Volumes fugitifs, Faouzi Laatiris et l\u2019Ecole des beaux-arts de T\u00e9touan, Voyage aux sources de l\u2019art, Cha\u00efbia Talal, Fatima Hassan El Farrouj et Radia Bent Lhoucine, Hassan El Glaoui: Le sel de ma terre ou encore Femmes artistes marocaines de la modernit\u00e9 1960-2016- FAMM ainsi qu\u2019un tr\u00e8s bel hommage \u00e0 deux artistes photographes disparus, \u00e0 savoir Othman Dilami et Leila Alaoui.<\/p>\n<div class=\"dnd-atom-wrapper type-image context-sdl_editor_representation\" contenteditable=\"false\" readability=\"32\">\n<div class=\"dnd-drop-wrapper image\"><img loading=\"lazy\" decoding=\"async\" typeof=\"foaf:Image\" class=\"img-responsive\" src=\"https:\/\/www.leconomiste.com\/sites\/default\/files\/eco7\/public\/thumbnails\/image\/musee-al-batha-059.jpg\" width=\"660\" height=\"330\" alt=\"musee-al-batha-059.jpg\" title=\"musee-al-batha-059.jpg\"\/><\/div>\n<div class=\"dnd-legend-wrapper\" contenteditable=\"true\" readability=\"9\">\n<p class=\"rtejustify\">Enti\u00e8rement restaur\u00e9 par la Fondation, le mus\u00e9e Al Batha \u00e0 F\u00e8s sera rouvert au public en 2020<em>\u00a0 (Ph. YSA)<\/em><\/p>\n<\/div>\n<\/div>\n<p class=\"rtejustify\">Gr\u00e2ce \u00e0 ces \u00e9v\u00e8nements, le MMVI se place aujourd\u2019hui parmi les institutions mus\u00e9ales de r\u00e9f\u00e9rence dans le continent. En s\u2019ouvrant \u00e0 l\u2019international, en pr\u00e9sentant des figures incontournables de l\u2019art moderne occidental, le mus\u00e9e a ainsi acquis une notori\u00e9t\u00e9 qui d\u00e9passe nos fronti\u00e8res g\u00e9ographiques.<\/p>\n<p class=\"rtejustify\">Multipliant les collaborations et les coproductions, ces cinq ann\u00e9es (2014-2019) ont \u00e9t\u00e9 marqu\u00e9es par la signature de conventions avec des institutions de renomm\u00e9e internationale telles que le Mus\u00e9e du Louvre, le Mus\u00e9e Pouchkine, le Mus\u00e9e Pompidou, le Mus\u00e9e d\u2019Orsay, l\u2019Institut du Monde arabe, le Mus\u00e9e des civilisations de l\u2019Europe et de la M\u00e9diterran\u00e9e, la Smithsonian, le Mus\u00e9e national Picasso, la Fondation Giacometti ou encore la Fondation C\u00e9sar.<\/p>\n<div class=\"dnd-atom-wrapper type-image context-sdl_editor_representation atom-align-right\" contenteditable=\"false\" readability=\"32\">\n<div class=\"dnd-drop-wrapper image\"><img loading=\"lazy\" decoding=\"async\" typeof=\"foaf:Image\" class=\"img-responsive\" src=\"https:\/\/www.leconomiste.com\/sites\/default\/files\/eco7\/public\/thumbnails\/image\/musee-de-lhistoire-et-des-civilisations-059.jpg\" width=\"425\" height=\"340\" alt=\"musee-de-lhistoire-et-des-civilisations-059.jpg\" title=\"musee-de-lhistoire-et-des-civilisations-059.jpg\"\/><\/div>\n<div class=\"dnd-legend-wrapper\" contenteditable=\"true\" readability=\"9\">\n<p class=\"rtejustify\">Le mus\u00e9e de l\u2019histoire et des civilisations \u00e0 Rabat accueille l\u2019une des plus belles collections antiques de la M\u00e9diterran\u00e9e. Ses bronzes ont \u00e9t\u00e9 expos\u00e9s au Mucem de Marseille\u00a0 <em>(Ph. Bziouat)<\/em><\/p>\n<\/div>\n<\/div>\n<p class=\"rtejustify\">Un \u00e9change \u00e0 double sens, puisque la Fondation a \u00e9galement organis\u00e9 des expositions \u00abhors les murs\u00bb notamment au Mus\u00e9e Pouchkine, \u00e0 Moscou, en 2016 sous le th\u00e8me \u00abMaroc-Russie, une histoire antique partag\u00e9e\u00bb, ou encore \u00abLe Maroc \u00e0 l\u2019honneur \u00bb \u00e0 Abu Dhabi (2016-1018).<\/p>\n<p class=\"rtejustify\">Pour les administrateurs de la FNM, 2020 sera tout aussi riche, puisque sont, d\u2019ores et d\u00e9j\u00e0, annonc\u00e9es trois grandes expo-\u00e9v\u00e8nements au MMVI. La premi\u00e8re sera consacr\u00e9e\u00a0 \u00e0 l\u2019artiste marocain Fouad Bellamine, la deuxi\u00e8me \u00e0 l\u2019un des pr\u00e9curseurs de la peinture moderne occidentale Eug\u00e8ne Delacroix et\u00a0 une troisi\u00e8me qui sera d\u00e9di\u00e9e \u00e0 l\u2019art contemporain africain.<\/p>\n<p class=\"rtejustify\">Par ailleurs, la capitale espagnole h\u00e9bergera une saison marocaine. \u00abMaroc 2020 \u00e0 Madrid\u00bb, une exposition qui prendra place dans plusieurs mus\u00e9es de la Capitale: au Mus\u00e9e arch\u00e9ologique national, au Mus\u00e9e de la Reina Sofia, au Mus\u00e9e des costumes et \u00e0 la Casa arabe. Le Royaume sera \u00e9galement pr\u00e9sent en Chine, avec une grande exposition qui sera pr\u00e9sent\u00e9e au Mus\u00e9e national de P\u00e9kin.<\/p>\n<blockquote readability=\"18\">\n<p class=\"rtecenter\"><strong><span class=\"c4\">A Rabat mais aussi ailleurs<\/span><\/strong><\/p>\n<p class=\"rtejustify\">A\u00a0 l\u2019instar du grand mus\u00e9e de la Capitale, la FNM accorde un grand int\u00e9r\u00eat \u00e0 ses mus\u00e9es r\u00e9gionaux en organisant de grandes expositions telles que:<br \/>\u2022 2017 \u00abLieux Saints Partag\u00e9s: Au croisement des trois religions monoth\u00e9istes\u00bb &#8211; D\u00e9cembre \u00e0 Dar El Bacha, en collaboration avec le Mucem \u2013 Mus\u00e9e des civilisations de l&rsquo;Europe et de la M\u00e9diterran\u00e9e<br \/>\u2022 2018 \u00abBijoux citadins et ruraux entre beaut\u00e9 et g\u00e9nie\u00bb au Mus\u00e9e de la Kasbah de Tanger<br \/>\u2022 2018 \u00abCr\u00e9ations d\u2019hier et d\u2019aujourd\u2019hui\u00bb \u00e0 Dar Si Said de Marrakech<br \/>\u2022 2019 \u00abLe Maroc pr\u00e9-romain\u00bb Mus\u00e9e de l\u2019histoire et des civilisations de Rabat<br \/>\u2022 2019 \u00abVoyage de Patty Birch, passion et collection\u00bb au mus\u00e9e des confluences &#8211; Dar El Bacha, Marrakech<br \/>\u2022 2019 \u00ab\u00c9toffe des sens, r\u00e9sonances, Serge Lutens, Yves Saint Laurent\u00bb au mus\u00e9e des confluences &#8211; Dar El Bacha, Marrakech.<\/p>\n<\/blockquote>\n<blockquote readability=\"23\">\n<p class=\"rtecenter\"><span class=\"c5\"><strong><span class=\"c4\">Clap de fin pour la Biennale Rabat<\/span><\/strong><\/span><\/p>\n<p class=\"rtejustify\">La 1re Biennale de Rabat\u00a0 s\u2019est cl\u00f4tur\u00e9e le 18 d\u00e9cembre apr\u00e8s avoir attir\u00e9 plus de 120.000 visiteurs. Con\u00e7ue par l\u2019historien d\u2019art et architecte Abdelkader Damani en tant que commissaire g\u00e9n\u00e9ral de l\u2019exposition,\u00a0 cette premi\u00e8re \u00e9dition a \u00e9t\u00e9 compos\u00e9e d\u2019un volet international qui r\u00e9unit 63 artistes et collectifs d\u2019artistes venues de 27 pays diff\u00e9rents, de trois cartes blanches consacr\u00e9es \u00e0 l\u2019art contemporain, au cin\u00e9ma et \u00e0 la litt\u00e9rature et d\u2019un focus sur l\u2019art urbain. Pas\u00a0 moins d\u2019une douzaine de sites ont \u00e9t\u00e9 r\u00e9quisitionn\u00e9s pour l\u2019occasion. Durant trois mois, la Biennale a investi les hauts lieux artistiques de la ville comme le MMVI, la Villa des Arts, l\u2019Espace Expressions CDG et les espaces d\u2019expositions du Cr\u00e9dit Agricole et de la Banque Populaire, tout autant que les sites historiques embl\u00e9matiques comme le Fort Rottembourg (Borj Lakbir) surplombant l\u2019oc\u00e9an, le mus\u00e9e et le site des Oudayas, la parc Hassan II, la Biblioth\u00e8que nationale du Royaume du Maroc, le Th\u00e9\u00e2tre national Mohammed V ou encore le Mus\u00e9e de l\u2019histoire et des civilisations. L\u2019\u00e9v\u00e8nement s\u2019est cl\u00f4tur\u00e9 avec le \u00abParlement des Ecrivaines\u00bb qui\u00a0 a rassembl\u00e9 pr\u00e8s de 50 \u00e9crivaines, en collaboration avec l\u2019Acad\u00e9mie du Royaume, ponctu\u00e9 par des tables rondes et r\u00e9citals po\u00e9tiques.<\/p>\n<\/blockquote>\n<p class=\"rtecenter\"><strong><u>\u00a0\u00a0\u00a0\u00a0\u00a0\u00a0\u00a0\u00a0\u00a0\u00a0\u00a0\u00a0\u00a0\u00a0\u00a0\u00a0\u00a0\u00a0\u00a0\u00a0\u00a0\u00a0\u00a0\u00a0\u00a0\u00a0\u00a0\u00a0\u00a0\u00a0\u00a0\u00a0\u00a0\u00a0\u00a0\u00a0\u00a0\u00a0\u00a0\u00a0\u00a0\u00a0\u00a0\u00a0\u00a0\u00a0\u00a0\u00a0\u00a0\u00a0\u00a0\u00a0\u00a0\u00a0\u00a0\u00a0\u00a0\u00a0\u00a0\u00a0\u00a0\u00a0\u00a0\u00a0\u00a0\u00a0\u00a0\u00a0\u00a0\u00a0\u00a0\u00a0\u00a0\u00a0<\/u><\/strong><\/p>\n<p class=\"rtecenter\"><strong>Restaurer, r\u00e9habiliter, faire (re)d\u00e9couvrir<\/strong><\/p>\n<p class=\"rtejustify\">FNM a \u00e9galement entrepris un important travail restauration des mus\u00e9es nationaux, permettant aux citoyens de se r\u00e9concilier avec des institutions jadis poussi\u00e9reuses et vieillissantes. Une op\u00e9ration qui a\u00a0 permis aux citoyens de (re)disposer de lieux pour d\u00e9couvrir leur patrimoine. Ainsi ont \u00e9t\u00e9 ouverts au public les mus\u00e9es suivants:<br \/>\u2022 <strong>2016\u00a0<\/strong> Mus\u00e9e la Kasbah des cultures m\u00e9diterran\u00e9ennes de Tanger<br \/>\u2022 <strong>2017\u00a0<\/strong> Mus\u00e9e de l\u2019Histoire et des Civilisations, Rabat<br \/>\u2022 Mus\u00e9e des confluences &#8211; Dar El Bacha, Marrakech<br \/>\u2022 <strong>2018\u00a0<\/strong> Mus\u00e9e national de la c\u00e9ramique, Safi<br \/>\u2022 Mus\u00e9e national du tissage et du tapis, Dar Si Said, Marrakech<br \/>D\u2019autres mus\u00e9es sont actuellement en r\u00e9novation et seront rouverts en 2020 \u00e0 l\u2019image de:<br \/>\u2022 Mus\u00e9e Batha, F\u00e8s<br \/>\u2022 Mus\u00e9e de la m\u00e9moire juive du Maroc, F\u00e8s<br \/>\u2022 Mus\u00e9e Dar Jamai et Borj Belkari, Mekn\u00e8s<br \/>\u2022 Mus\u00e9e des Oudayas, Rabat<br \/>\u2022 Mus\u00e9e arch\u00e9ologique, T\u00e9touan<br \/>\u2022 Mus\u00e9e du patrimoine immat\u00e9riel \u00e0 la place Jama\u00e2 El Fna.<br \/>\u2022\u00a0 L\u2019ouverture du 1er mus\u00e9e d\u00e9di\u00e9 \u00e0 la photographie au Fort Rottembourg de Rabat pr\u00e9vue le 14 janvier, avec une carte blanche commissari\u00e9e par Yassine Alaoui Ismaili, alias \u00abYoriyas\u00bb, sous le th\u00e8me \u00abSourtna\u00bb.<\/p>\n<p class=\"rtejustify\"><em>A.Bo<\/em><\/p>\n<\/div>\n<p>Auteur: hlafriqi<br \/>\n<a href=\"https:\/\/www.leconomiste.com\/article\/1054849-quand-les-marocains-redecouvrent-les-musees\">Cliquez ici pour lire l&rsquo;article depuis sa source.<\/a><\/p>\n","protected":false},"excerpt":{"rendered":"<p>La Fondation nationale des mus\u00e9es dresse son bilan Plus de 20 expositions entre 2014 et 2019 au MMVI Une politique de restauration des institutions mus\u00e9ales Le Souverain inaugurant le MMVI en 2014. Le mus\u00e9e est la premi\u00e8re institution mus\u00e9ale dans le Royaume \u00e0 se consacrer enti\u00e8rement \u00e0 l\u2019art moderne et contemporain, et qui r\u00e9pond aux [&hellip;]<\/p>\n","protected":false},"author":1763,"featured_media":71040,"comment_status":"closed","ping_status":"closed","sticky":false,"template":"","format":"standard","meta":{"fifu_image_url":"","fifu_image_alt":"","footnotes":""},"categories":[78,54],"tags":[],"class_list":["post-71039","post","type-post","status-publish","format-standard","has-post-thumbnail","hentry","category-economie","category-maroc"],"_links":{"self":[{"href":"https:\/\/linitiative.ca\/International\/wp-json\/wp\/v2\/posts\/71039","targetHints":{"allow":["GET"]}}],"collection":[{"href":"https:\/\/linitiative.ca\/International\/wp-json\/wp\/v2\/posts"}],"about":[{"href":"https:\/\/linitiative.ca\/International\/wp-json\/wp\/v2\/types\/post"}],"author":[{"embeddable":true,"href":"https:\/\/linitiative.ca\/International\/wp-json\/wp\/v2\/users\/1763"}],"replies":[{"embeddable":true,"href":"https:\/\/linitiative.ca\/International\/wp-json\/wp\/v2\/comments?post=71039"}],"version-history":[{"count":0,"href":"https:\/\/linitiative.ca\/International\/wp-json\/wp\/v2\/posts\/71039\/revisions"}],"wp:featuredmedia":[{"embeddable":true,"href":"https:\/\/linitiative.ca\/International\/wp-json\/"}],"wp:attachment":[{"href":"https:\/\/linitiative.ca\/International\/wp-json\/wp\/v2\/media?parent=71039"}],"wp:term":[{"taxonomy":"category","embeddable":true,"href":"https:\/\/linitiative.ca\/International\/wp-json\/wp\/v2\/categories?post=71039"},{"taxonomy":"post_tag","embeddable":true,"href":"https:\/\/linitiative.ca\/International\/wp-json\/wp\/v2\/tags?post=71039"}],"curies":[{"name":"wp","href":"https:\/\/api.w.org\/{rel}","templated":true}]}}