{"id":71042,"date":"2019-12-23T05:45:00","date_gmt":"2019-12-23T10:45:00","guid":{"rendered":"https:\/\/linitiative.ca\/International\/usa-donald-trump-sur-la-sellette\/"},"modified":"2019-12-23T05:45:00","modified_gmt":"2019-12-23T10:45:00","slug":"usa-donald-trump-sur-la-sellette","status":"publish","type":"post","link":"https:\/\/linitiative.ca\/International\/usa-donald-trump-sur-la-sellette\/","title":{"rendered":"USA: Donald Trump sur la sellette"},"content":{"rendered":"<div readability=\"35\">\n<p>Mis en accusation au Congr\u00e8s, Trump va y \u00eatre jug\u00e9<\/p>\n<p>Le pr\u00e9sident d\u00e9nonce la \u00abhaine\u00bb de ses adversaires<\/p>\n<\/div>\n<div readability=\"88\">\n<div class=\"dnd-atom-wrapper type-image context-sdl_editor_representation\" contenteditable=\"false\">\n<div class=\"dnd-drop-wrapper image\"><img loading=\"lazy\" decoding=\"async\" typeof=\"foaf:Image\" class=\"img-responsive\" src=\"https:\/\/www.leconomiste.com\/sites\/default\/files\/eco7\/public\/thumbnails\/image\/donald-tromp-059.jpg\" width=\"800\" height=\"514\" alt=\"donald-tromp-059.jpg\" title=\"donald-tromp-059.jpg\"\/><\/div>\n<\/div>\n<p class=\"rtejustify\">Donald Trump a \u00e9t\u00e9 mis en accusation lors d&rsquo;un vote au Congr\u00e8s synonyme de proc\u00e8s en destitution pour l&rsquo;ex-homme d&rsquo;affaires. Le pr\u00e9sident am\u00e9ricain a imm\u00e9diatement d\u00e9nonc\u00e9 la \u00abhaine\u00bb de ses adversaires politiques.<\/p>\n<p class=\"rtejustify\">La Chambre des repr\u00e9sentants, domin\u00e9e par les d\u00e9mocrates, s&rsquo;est prononc\u00e9e en faveur de \u00abl&rsquo;impeachement\u00bb du milliardaire r\u00e9publicain \u00e2g\u00e9 de 73 ans pour abus de pouvoir\u00bb, par 230 voix contre 197. Il appartient d\u00e9sormais au S\u00e9nat de le juger sans doute en janvier.<\/p>\n<p class=\"rtejustify\">Mais les r\u00e9publicains, qui contr\u00f4lent la Chambre haute, ont la ferme intention d&rsquo;acquitter leur pr\u00e9sident. \u00abLe pr\u00e9sident a confiance dans le S\u00e9nat pour r\u00e9tablir l&rsquo;ordre\u00bb, a r\u00e9agi dans la foul\u00e9e la Maison-Blanche. \u00abIl est pr\u00eat pour les prochaines \u00e9tapes et a confiance dans le fait qu&rsquo;il sera totalement disculp\u00e9\u00bb, est-il indiqu\u00e9.<\/p>\n<p class=\"rtejustify\">Le vote de mercredi 18 d\u00e9cembre dans la soir\u00e9e \u00e0 la Chambre, intervenu \u00e0 moins d&rsquo;un an du scrutin pr\u00e9sidentiel, est en tout historique. Seuls deux autres pr\u00e9sidents (Andrew Johnson en 1868 et Bill Clinton en 1998) ont v\u00e9cu une mise en accusation. Le r\u00e9publicain Richard Nixon, emp\u00eatr\u00e9 dans le scandale du Watergate, avait pr\u00e9f\u00e9r\u00e9 d\u00e9missionner en 1974 avant de subir telle avanie.<\/p>\n<p class=\"rtejustify\">La d\u00e9cision est tomb\u00e9e au moment o\u00f9 Donald Trump \u00e9tait \u00e0 la tribune d&rsquo;un meeting de campagne \u00e0 Battle Creek, dans le Michigan, \u00e0 environ 1.000 km de Washington. Accusant la \u00abgauche radicale d&rsquo;\u00eatre rong\u00e9e par l&rsquo;envie et la haine\u00bb, il a accus\u00e9 les d\u00e9mocrates d&rsquo;essayer \u00abd&rsquo;annuler le vote de dizaines de millions d&rsquo;Am\u00e9ricains en tentant de le pousser hors de la Maison-Blanche\u00bb.<\/p>\n<p class=\"rtejustify\">Le 45e pr\u00e9sident des Etats-Unis, qui entend briguer un deuxi\u00e8me mandat en novembre 2020, a \u00e9t\u00e9 \u00e9galement mis en \u00abaccusation pour entrave \u00e0 la bonne marche du Congr\u00e8s, en raison de son refus de participer \u00e0 l&rsquo;enqu\u00eate en destitution le visant\u00bb.<\/p>\n<p class=\"rtejustify\">Il lui est reproch\u00e9 d&rsquo;avoir \u00abdemand\u00e9 \u00e0 l&rsquo;Ukraine d&rsquo;enqu\u00eater sur un de ses rivaux potentiels \u00e0 la pr\u00e9sidentielle de 2020, Joe Biden\u00bb. Pour les r\u00e9publicains, la proc\u00e9dure de destitution est \u00abune blague absolue, une supercherie, qui ne s&rsquo;appuie sur aucun fait.\u00a0 Elle est motiv\u00e9e par l&rsquo;aversion des d\u00e9mocrates pour un pr\u00e9sident qui brise les codes\u2026\u00bb.<\/p>\n<p class=\"rtejustify\">Un seul point d&rsquo;accord a \u00e9merg\u00e9 entre les deux camps (r\u00e9publicains, d\u00e9mocrates): \u00abcette triste journ\u00e9e entrera dans les livres d&rsquo;Histoire\u00bb. Reste \u00e0 savoir comment les deux Chambres du Congr\u00e8s coop\u00e9reront pour la suite de la proc\u00e9dure.<\/p>\n<p class=\"rtejustify\"><em>F. Z. T. avec agences<\/em><\/p>\n<\/div>\n<p>Auteur: hlafriqi<br \/>\n<a href=\"https:\/\/www.leconomiste.com\/article\/1054852-usa-donald-trump-sur-la-sellette\">Cliquez ici pour lire l&rsquo;article depuis sa source.<\/a><\/p>\n","protected":false},"excerpt":{"rendered":"<p>Mis en accusation au Congr\u00e8s, Trump va y \u00eatre jug\u00e9 Le pr\u00e9sident d\u00e9nonce la \u00abhaine\u00bb de ses adversaires Donald Trump a \u00e9t\u00e9 mis en accusation lors d&rsquo;un vote au Congr\u00e8s synonyme de proc\u00e8s en destitution pour l&rsquo;ex-homme d&rsquo;affaires. Le pr\u00e9sident am\u00e9ricain a imm\u00e9diatement d\u00e9nonc\u00e9 la \u00abhaine\u00bb de ses adversaires politiques. La Chambre des repr\u00e9sentants, domin\u00e9e [&hellip;]<\/p>\n","protected":false},"author":1763,"featured_media":71043,"comment_status":"closed","ping_status":"closed","sticky":false,"template":"","format":"standard","meta":{"fifu_image_url":"","fifu_image_alt":"","footnotes":""},"categories":[78,54],"tags":[],"class_list":["post-71042","post","type-post","status-publish","format-standard","has-post-thumbnail","hentry","category-economie","category-maroc"],"_links":{"self":[{"href":"https:\/\/linitiative.ca\/International\/wp-json\/wp\/v2\/posts\/71042","targetHints":{"allow":["GET"]}}],"collection":[{"href":"https:\/\/linitiative.ca\/International\/wp-json\/wp\/v2\/posts"}],"about":[{"href":"https:\/\/linitiative.ca\/International\/wp-json\/wp\/v2\/types\/post"}],"author":[{"embeddable":true,"href":"https:\/\/linitiative.ca\/International\/wp-json\/wp\/v2\/users\/1763"}],"replies":[{"embeddable":true,"href":"https:\/\/linitiative.ca\/International\/wp-json\/wp\/v2\/comments?post=71042"}],"version-history":[{"count":0,"href":"https:\/\/linitiative.ca\/International\/wp-json\/wp\/v2\/posts\/71042\/revisions"}],"wp:featuredmedia":[{"embeddable":true,"href":"https:\/\/linitiative.ca\/International\/wp-json\/"}],"wp:attachment":[{"href":"https:\/\/linitiative.ca\/International\/wp-json\/wp\/v2\/media?parent=71042"}],"wp:term":[{"taxonomy":"category","embeddable":true,"href":"https:\/\/linitiative.ca\/International\/wp-json\/wp\/v2\/categories?post=71042"},{"taxonomy":"post_tag","embeddable":true,"href":"https:\/\/linitiative.ca\/International\/wp-json\/wp\/v2\/tags?post=71042"}],"curies":[{"name":"wp","href":"https:\/\/api.w.org\/{rel}","templated":true}]}}