{"id":71051,"date":"2019-12-23T15:14:04","date_gmt":"2019-12-23T20:14:04","guid":{"rendered":"https:\/\/linitiative.ca\/International\/international-arsenal-mikel-arteta-reste-flou-sur-le-mercato-hivernal\/"},"modified":"2019-12-23T15:14:04","modified_gmt":"2019-12-23T20:14:04","slug":"international-arsenal-mikel-arteta-reste-flou-sur-le-mercato-hivernal","status":"publish","type":"post","link":"https:\/\/linitiative.ca\/International\/international-arsenal-mikel-arteta-reste-flou-sur-le-mercato-hivernal\/","title":{"rendered":"International : Arsenal : Mikel Arteta reste flou sur le mercato hivernal"},"content":{"rendered":"<div readability=\"32\">\n<p>Auteur : <span class=\"time\">lundi 23 d\u00e9cembre 2019 16:20<\/span><\/p>\n<\/div>\n<div id=\"post_core\" readability=\"38\">\n<p>\u00ab\u00a0Nous avons eu de nombreuses autres conversations. Nous avons une r\u00e9union bient\u00f4t et quelques id\u00e9es, mais nous devons les mettre ensemble\u00a0\u00bb, a indiqu\u00e9 l&rsquo;Espagnol \u00e0 trois jours d&rsquo;un d\u00e9placement \u00e0 Bournemouth (19e journ\u00e9e de Premier League). Source : Topmercato.<\/p>\n<p><strong>Publi\u00e9 dans :<\/strong> <span>Arsenal<\/span> <span>Arteta<\/span><\/p>\n<\/div>\n<p>Auteur:<br \/>\n<a href=\"http:\/\/www.lebuteur.com\/article\/detail?titre=arsenal-mikel-arteta-reste-flou-sur-le-mercato-hivernal&#038;id=93771&#038;utm_source=feedburner&#038;utm_medium=feed&#038;utm_campaign=Feed%3A+GalerieFArtciles+%28Les+derniers+articles++-+lebuteur.com%29\">Cliquez ici pour lire l&rsquo;article depuis sa source.<\/a><\/p>\n","protected":false},"excerpt":{"rendered":"<p>Auteur : lundi 23 d\u00e9cembre 2019 16:20 \u00ab\u00a0Nous avons eu de nombreuses autres conversations. Nous avons une r\u00e9union bient\u00f4t et quelques id\u00e9es, mais nous devons les mettre ensemble\u00a0\u00bb, a indiqu\u00e9 l&rsquo;Espagnol \u00e0 trois jours d&rsquo;un d\u00e9placement \u00e0 Bournemouth (19e journ\u00e9e de Premier League). Source : Topmercato. Publi\u00e9 dans : Arsenal Arteta Auteur: Cliquez ici pour [&hellip;]<\/p>\n","protected":false},"author":1738,"featured_media":71052,"comment_status":"closed","ping_status":"closed","sticky":false,"template":"","format":"standard","meta":{"fifu_image_url":"","fifu_image_alt":"","footnotes":""},"categories":[53,75],"tags":[],"class_list":["post-71051","post","type-post","status-publish","format-standard","has-post-thumbnail","hentry","category-algerie","category-sport"],"_links":{"self":[{"href":"https:\/\/linitiative.ca\/International\/wp-json\/wp\/v2\/posts\/71051","targetHints":{"allow":["GET"]}}],"collection":[{"href":"https:\/\/linitiative.ca\/International\/wp-json\/wp\/v2\/posts"}],"about":[{"href":"https:\/\/linitiative.ca\/International\/wp-json\/wp\/v2\/types\/post"}],"author":[{"embeddable":true,"href":"https:\/\/linitiative.ca\/International\/wp-json\/wp\/v2\/users\/1738"}],"replies":[{"embeddable":true,"href":"https:\/\/linitiative.ca\/International\/wp-json\/wp\/v2\/comments?post=71051"}],"version-history":[{"count":0,"href":"https:\/\/linitiative.ca\/International\/wp-json\/wp\/v2\/posts\/71051\/revisions"}],"wp:featuredmedia":[{"embeddable":true,"href":"https:\/\/linitiative.ca\/International\/wp-json\/"}],"wp:attachment":[{"href":"https:\/\/linitiative.ca\/International\/wp-json\/wp\/v2\/media?parent=71051"}],"wp:term":[{"taxonomy":"category","embeddable":true,"href":"https:\/\/linitiative.ca\/International\/wp-json\/wp\/v2\/categories?post=71051"},{"taxonomy":"post_tag","embeddable":true,"href":"https:\/\/linitiative.ca\/International\/wp-json\/wp\/v2\/tags?post=71051"}],"curies":[{"name":"wp","href":"https:\/\/api.w.org\/{rel}","templated":true}]}}