{"id":71053,"date":"2019-12-23T15:14:06","date_gmt":"2019-12-23T20:14:06","guid":{"rendered":"https:\/\/linitiative.ca\/International\/international-france-deschamps-ne-veut-plus-quon-lui-parle-de-benzema\/"},"modified":"2019-12-23T15:14:06","modified_gmt":"2019-12-23T20:14:06","slug":"international-france-deschamps-ne-veut-plus-quon-lui-parle-de-benzema","status":"publish","type":"post","link":"https:\/\/linitiative.ca\/International\/international-france-deschamps-ne-veut-plus-quon-lui-parle-de-benzema\/","title":{"rendered":"International : France : Deschamps ne veut plus qu&rsquo;on lui parle de Benzema"},"content":{"rendered":"<div readability=\"32\">\n<p>Auteur : <span class=\"time\">lundi 23 d\u00e9cembre 2019 19:51<\/span><\/p>\n<\/div>\n<div id=\"post_core\" readability=\"42\">\n<p>Mais le s\u00e9lectionneur de l&rsquo;\u00e9quipe de France refuse d\u00e9sormais de s&rsquo;exprimer sur le sujet tr\u00e8s sensible de l&rsquo;attaquant du Real Madrid :<\/p>\n<p>\u00ab\u00a0Je n\u2019ai plus rien \u00e0 dire sur ce sujet et peu importe ce qui peut se dire, les informations nouvelles ou pas. Je reste sur ma position, valable pour n\u2019importe quel joueur. Je ne fais pas des choix par rapport \u00e0 moi, mais par rapport \u00e0 ce que je pense \u00eatre le mieux pour l\u2019\u00e9quilibre et le collectif de l\u2019\u00e9quipe de France\u00a0\u00bb, explique Deschamps comme le rapporte Foot01.<\/p>\n<p><strong>Publi\u00e9 dans :<\/strong> <span>France<\/span><\/p>\n<\/div>\n<p>Auteur:<br \/>\n<a href=\"http:\/\/www.lebuteur.com\/article\/detail?titre=france-deschamps-ne-veut-plus-quon-lui-parle-de-benzema&#038;id=93772&#038;utm_source=feedburner&#038;utm_medium=feed&#038;utm_campaign=Feed%3A+GalerieFArtciles+%28Les+derniers+articles++-+lebuteur.com%29\">Cliquez ici pour lire l&rsquo;article depuis sa source.<\/a><\/p>\n","protected":false},"excerpt":{"rendered":"<p>Auteur : lundi 23 d\u00e9cembre 2019 19:51 Mais le s\u00e9lectionneur de l&rsquo;\u00e9quipe de France refuse d\u00e9sormais de s&rsquo;exprimer sur le sujet tr\u00e8s sensible de l&rsquo;attaquant du Real Madrid : \u00ab\u00a0Je n\u2019ai plus rien \u00e0 dire sur ce sujet et peu importe ce qui peut se dire, les informations nouvelles ou pas. Je reste sur ma [&hellip;]<\/p>\n","protected":false},"author":1738,"featured_media":71054,"comment_status":"closed","ping_status":"closed","sticky":false,"template":"","format":"standard","meta":{"fifu_image_url":"","fifu_image_alt":"","footnotes":""},"categories":[53,75],"tags":[],"class_list":["post-71053","post","type-post","status-publish","format-standard","has-post-thumbnail","hentry","category-algerie","category-sport"],"_links":{"self":[{"href":"https:\/\/linitiative.ca\/International\/wp-json\/wp\/v2\/posts\/71053","targetHints":{"allow":["GET"]}}],"collection":[{"href":"https:\/\/linitiative.ca\/International\/wp-json\/wp\/v2\/posts"}],"about":[{"href":"https:\/\/linitiative.ca\/International\/wp-json\/wp\/v2\/types\/post"}],"author":[{"embeddable":true,"href":"https:\/\/linitiative.ca\/International\/wp-json\/wp\/v2\/users\/1738"}],"replies":[{"embeddable":true,"href":"https:\/\/linitiative.ca\/International\/wp-json\/wp\/v2\/comments?post=71053"}],"version-history":[{"count":0,"href":"https:\/\/linitiative.ca\/International\/wp-json\/wp\/v2\/posts\/71053\/revisions"}],"wp:featuredmedia":[{"embeddable":true,"href":"https:\/\/linitiative.ca\/International\/wp-json\/"}],"wp:attachment":[{"href":"https:\/\/linitiative.ca\/International\/wp-json\/wp\/v2\/media?parent=71053"}],"wp:term":[{"taxonomy":"category","embeddable":true,"href":"https:\/\/linitiative.ca\/International\/wp-json\/wp\/v2\/categories?post=71053"},{"taxonomy":"post_tag","embeddable":true,"href":"https:\/\/linitiative.ca\/International\/wp-json\/wp\/v2\/tags?post=71053"}],"curies":[{"name":"wp","href":"https:\/\/api.w.org\/{rel}","templated":true}]}}