{"id":71055,"date":"2019-12-23T15:19:02","date_gmt":"2019-12-23T20:19:02","guid":{"rendered":"https:\/\/linitiative.ca\/International\/deces-hier-du-general-de-corps-darmee-ahmed-gaid-salah-le-heros-de-toutes-les-batailles\/"},"modified":"2019-12-23T15:19:02","modified_gmt":"2019-12-23T20:19:02","slug":"deces-hier-du-general-de-corps-darmee-ahmed-gaid-salah-le-heros-de-toutes-les-batailles","status":"publish","type":"post","link":"https:\/\/linitiative.ca\/International\/deces-hier-du-general-de-corps-darmee-ahmed-gaid-salah-le-heros-de-toutes-les-batailles\/","title":{"rendered":"D\u00e9c\u00e8s hier du g\u00e9n\u00e9ral de corps d\u2019arm\u00e9e Ahmed Ga\u00efd Salah : Le h\u00e9ros  de toutes les batailles"},"content":{"rendered":"<p>Le G\u00e9n\u00e9ral de Corps d&rsquo;Arm\u00e9e Ahmed Ga\u00efd Salah, vice-ministre de la D\u00e9fense nationale, Chef d&rsquo;\u00e9tat-major de l&rsquo;Arm\u00e9e nationale populaire (ANP), est d\u00e9c\u00e9d\u00e9, hier, des suites d&rsquo;un arr\u00eat cardiaque en son domicile \u00e0 l&rsquo;\u00e2ge de 80 ans, a indiqu\u00e9 un communiqu\u00e9 de la pr\u00e9sidence de la R\u00e9publique, dont voici le texte int\u00e9gral:<br \/>\u00abLe pr\u00e9sident de la R\u00e9publique, ministre de la D\u00e9fense nationale, Chef supr\u00eame des Forces arm\u00e9es, M. Abdelmadjid Tebboune annonce, avec une profonde affliction, le d\u00e9c\u00e8s du moudjahid g\u00e9n\u00e9ral de Corps d&rsquo;Arm\u00e9e, Ahmed Ga\u00efd Salah, vice-ministre de la D\u00e9fense nationale, Chef d&rsquo;\u00e9tat-major de l&rsquo;Arm\u00e9e nationale populaire (ANP), survenu lundi 23 d\u00e9cembre 2019 \u00e0 6h00 du matin des suites d&rsquo;un arr\u00eat cardiaque en son domicile avant d&rsquo;\u00eatre transf\u00e9r\u00e9 \u00e0 l&rsquo;H\u00f4pital central de l&rsquo;Arm\u00e9e de A\u00efn Na\u00e2dja.<br \/>L&rsquo;Alg\u00e9rie perd, en cette douloureuse circonstance, l&rsquo;un de ses vaillants h\u00e9ros qui est rest\u00e9 jusqu&rsquo;\u00e0 sa derni\u00e8re heure fid\u00e8le \u00e0 son parcours riche en grands sacrifices, qu&rsquo;il n&rsquo;a eu de cesse de consentir depuis son adh\u00e9sion, d\u00e8s son jeune \u00e2ge, aux rangs de l&rsquo;Arm\u00e9e de lib\u00e9ration nationale (ALN) au sein de laquelle il a gravi les \u00e9chelons en tant que soldat, officier puis commandant moudjahid, loyal \u00e0 sa patrie et \u00e0 son peuple.<br \/>C&rsquo;est l\u00e0 une douloureuse et tragique \u00e9preuve pour l\u2019Alg\u00e9rie qui fait ses adieux en cette p\u00e9riode \u2014et subitement\u2014, \u00e0 un commandant militaire aux qualit\u00e9s de Ahmed Ga\u00efd Salah, vice-ministre de la D\u00e9fense nationale, Chef d&rsquo;\u00e9tat-major de l&rsquo;Arm\u00e9e nationale populaire, le moudjahid qui s&rsquo;est montr\u00e9 fid\u00e8le au serment dans une conjoncture des plus difficiles que le pays a eu \u00e0 traverser.<br \/>Gratifi\u00e9 par Allah de sagesse, de clairvoyance, de puret\u00e9 et de fid\u00e9lit\u00e9 \u00e0 l&rsquo;Alg\u00e9rie et aux valeureux chouhada, le d\u00e9funt s&rsquo;est attel\u00e9 fid\u00e8lement \u00e0 assurer un accompagnement national pour conduire l&rsquo;Alg\u00e9rie \u00e0 bon port, dans la s\u00e9curit\u00e9 et la stabilit\u00e9. \u00a0<br \/>L&rsquo;Histoire \u00e9crira en lettres d&rsquo;or les hauts faits du G\u00e9n\u00e9ral de corps d\u2019Arm\u00e9e, Ahmed Ga\u00efd Salah, que Dieu le Tout-Puissant ait son \u00e2me parmi les martyrs et les saints. \u2018\u2018A Dieu nous appartenons et \u00e0 Lui nous retournons\u2019\u2019.\u00bb<\/p>\n<p>Auteur: elmoudjahid<br \/>\n<a href=\"http:\/\/www.elmoudjahid.com\/fr\/actualites\/146253\">Cliquez ici pour lire l&rsquo;article depuis sa source.<\/a><\/p>\n","protected":false},"excerpt":{"rendered":"<p>Le G\u00e9n\u00e9ral de Corps d&rsquo;Arm\u00e9e Ahmed Ga\u00efd Salah, vice-ministre de la D\u00e9fense nationale, Chef d&rsquo;\u00e9tat-major de l&rsquo;Arm\u00e9e nationale populaire (ANP), est d\u00e9c\u00e9d\u00e9, hier, des suites d&rsquo;un arr\u00eat cardiaque en son domicile \u00e0 l&rsquo;\u00e2ge de 80 ans, a indiqu\u00e9 un communiqu\u00e9 de la pr\u00e9sidence de la R\u00e9publique, dont voici le texte int\u00e9gral:\u00abLe pr\u00e9sident de la R\u00e9publique, [&hellip;]<\/p>\n","protected":false},"author":1744,"featured_media":0,"comment_status":"closed","ping_status":"closed","sticky":false,"template":"","format":"standard","meta":{"fifu_image_url":"","fifu_image_alt":"","footnotes":""},"categories":[73,53],"tags":[],"class_list":["post-71055","post","type-post","status-publish","format-standard","hentry","category-actualite","category-algerie"],"_links":{"self":[{"href":"https:\/\/linitiative.ca\/International\/wp-json\/wp\/v2\/posts\/71055","targetHints":{"allow":["GET"]}}],"collection":[{"href":"https:\/\/linitiative.ca\/International\/wp-json\/wp\/v2\/posts"}],"about":[{"href":"https:\/\/linitiative.ca\/International\/wp-json\/wp\/v2\/types\/post"}],"author":[{"embeddable":true,"href":"https:\/\/linitiative.ca\/International\/wp-json\/wp\/v2\/users\/1744"}],"replies":[{"embeddable":true,"href":"https:\/\/linitiative.ca\/International\/wp-json\/wp\/v2\/comments?post=71055"}],"version-history":[{"count":0,"href":"https:\/\/linitiative.ca\/International\/wp-json\/wp\/v2\/posts\/71055\/revisions"}],"wp:attachment":[{"href":"https:\/\/linitiative.ca\/International\/wp-json\/wp\/v2\/media?parent=71055"}],"wp:term":[{"taxonomy":"category","embeddable":true,"href":"https:\/\/linitiative.ca\/International\/wp-json\/wp\/v2\/categories?post=71055"},{"taxonomy":"post_tag","embeddable":true,"href":"https:\/\/linitiative.ca\/International\/wp-json\/wp\/v2\/tags?post=71055"}],"curies":[{"name":"wp","href":"https:\/\/api.w.org\/{rel}","templated":true}]}}