{"id":71056,"date":"2019-12-23T15:19:04","date_gmt":"2019-12-23T20:19:04","guid":{"rendered":"https:\/\/linitiative.ca\/International\/un-moudjahid-au-riche-parcours-au-service-de-lanp-et-de-lalgerie\/"},"modified":"2019-12-23T15:19:04","modified_gmt":"2019-12-23T20:19:04","slug":"un-moudjahid-au-riche-parcours-au-service-de-lanp-et-de-lalgerie","status":"publish","type":"post","link":"https:\/\/linitiative.ca\/International\/un-moudjahid-au-riche-parcours-au-service-de-lanp-et-de-lalgerie\/","title":{"rendered":"Un moudjahid au riche parcours  au service de l\u2019ANP et de l\u2019Alg\u00e9rie"},"content":{"rendered":"<p>Le G\u00e9n\u00e9ral de corps d&rsquo;Arm\u00e9e, Ahmed Ga\u00efd Salah, vice-ministre de la D\u00e9fense nationale, chef d&rsquo;Etat-major de l&rsquo;Arm\u00e9e nationale populaire (ANP) est un moudjahid de la premi\u00e8re heure, avec un riche parcours au sein de l&rsquo;ANP au service de cette institution et de l&rsquo;Alg\u00e9rie.<br \/>Il est n\u00e9 le 13 janvier 1940 dans la wilaya de Batna. Jeune militant du mouvement nationaliste, il rejoint, \u00e0 l&rsquo;\u00e2ge de 17 ans, le maquis o\u00f9 il gravit les \u00e9chelons de la hi\u00e9rarchie pour \u00eatre d\u00e9sign\u00e9 Commandant de Compagnie, respectivement aux 21e, 29e et 39e bataillons de l&rsquo;Arm\u00e9e de lib\u00e9ration nationale, selon sa biographie publi\u00e9e sur le site internet du minist\u00e8re de la D\u00e9fense nationale. A l&rsquo;ind\u00e9pendance, apr\u00e8s un cycle de formation en Alg\u00e9rie, pendant deux (02) ans et en ex-URSS, pendant deux (02) ans \u00e9galement, de 1969 \u00e0 1971, il a \u00e9t\u00e9 dipl\u00f4m\u00e9 notamment \u00e0 l&rsquo;Acad\u00e9mie de Vystrel (Moscou).<br \/>Le d\u00e9funt a particip\u00e9, en 1967, \u00e0 la campagne du Moyen-Orient en Egypte. Il a eu \u00e0 assumer au sein du corps de bataille terrestre les fonctions suivantes : Commandant de groupe d&rsquo;Artillerie, Commandant de Brigade, Commandant du Secteur Op\u00e9rationnel Centre \/ Bordj Lotfi 3e R.M, Commandant de l&rsquo;Ecole de Formation des Officiers de R\u00e9serve\/Blida\/1re R.M, Commandant du Secteur Op\u00e9rationnel Sud de Tindouf en 3e R.M, Commandant Adjoint de la 5e R\u00e9gion militaire, Commandant de la 3e R\u00e9gion militaire et Commandant de la 2e R\u00e9gion militaire.<br \/>Ga\u00efd Salah a \u00e9t\u00e9 promu au grade de g\u00e9n\u00e9ral-major le 5 juillet 1993 et Commandant des Forces terrestres en 1994.<br \/>Le 3 ao\u00fbt 2004, il a \u00e9t\u00e9 d\u00e9sign\u00e9 Chef d&rsquo;\u00e9tat-major de l&rsquo;ANP avant d&rsquo;\u00eatre promu au grade de G\u00e9n\u00e9ral de corps d&rsquo;Arm\u00e9e le 5 juillet 2006.<br \/>Depuis le 11 septembre 2013, le G\u00e9n\u00e9ral de corps d&rsquo;Arm\u00e9e Ahmed Ga\u00efd Salah est vice-ministre de la D\u00e9fense nationale, chef d&rsquo;\u00e9tat-major de l&rsquo;ANP.<br \/>Il a \u00e9t\u00e9 d\u00e9cor\u00e9 de la m\u00e9daille de l&rsquo;ALN, la m\u00e9daille de l&rsquo;ANP 3e chevron, m\u00e9daille de participation de l&rsquo;ANP aux guerres du Moyen-Orient 1967 et 1973, la m\u00e9daille de Bravoure, la m\u00e9daille du m\u00e9rite militaire et la m\u00e9daille d&rsquo;honneur.<br \/>Jeudi dernier, le regrett\u00e9 a \u00e9t\u00e9 d\u00e9cor\u00e9 de la m\u00e9daille de l&rsquo;Ordre du m\u00e9rite national de rang \u00abSadr\u00bb, par le nouveau pr\u00e9sident de la R\u00e9publique Abdelmadjid Tebboune, en signe de reconnaissance \u00e0 ses efforts et \u00e0 son r\u00f4le durant cette p\u00e9riode sensible ayant permis de respecter la Constitution et pr\u00e9server la s\u00e9curit\u00e9 des citoyens, du pays et des institutions de la R\u00e9publique.<\/p>\n<p>Auteur: elmoudjahid<br \/>\n<a href=\"http:\/\/www.elmoudjahid.com\/fr\/actualites\/146254\">Cliquez ici pour lire l&rsquo;article depuis sa source.<\/a><\/p>\n","protected":false},"excerpt":{"rendered":"<p>Le G\u00e9n\u00e9ral de corps d&rsquo;Arm\u00e9e, Ahmed Ga\u00efd Salah, vice-ministre de la D\u00e9fense nationale, chef d&rsquo;Etat-major de l&rsquo;Arm\u00e9e nationale populaire (ANP) est un moudjahid de la premi\u00e8re heure, avec un riche parcours au sein de l&rsquo;ANP au service de cette institution et de l&rsquo;Alg\u00e9rie.Il est n\u00e9 le 13 janvier 1940 dans la wilaya de Batna. Jeune [&hellip;]<\/p>\n","protected":false},"author":1744,"featured_media":0,"comment_status":"closed","ping_status":"closed","sticky":false,"template":"","format":"standard","meta":{"fifu_image_url":"","fifu_image_alt":"","footnotes":""},"categories":[73,53],"tags":[],"class_list":["post-71056","post","type-post","status-publish","format-standard","hentry","category-actualite","category-algerie"],"_links":{"self":[{"href":"https:\/\/linitiative.ca\/International\/wp-json\/wp\/v2\/posts\/71056","targetHints":{"allow":["GET"]}}],"collection":[{"href":"https:\/\/linitiative.ca\/International\/wp-json\/wp\/v2\/posts"}],"about":[{"href":"https:\/\/linitiative.ca\/International\/wp-json\/wp\/v2\/types\/post"}],"author":[{"embeddable":true,"href":"https:\/\/linitiative.ca\/International\/wp-json\/wp\/v2\/users\/1744"}],"replies":[{"embeddable":true,"href":"https:\/\/linitiative.ca\/International\/wp-json\/wp\/v2\/comments?post=71056"}],"version-history":[{"count":0,"href":"https:\/\/linitiative.ca\/International\/wp-json\/wp\/v2\/posts\/71056\/revisions"}],"wp:attachment":[{"href":"https:\/\/linitiative.ca\/International\/wp-json\/wp\/v2\/media?parent=71056"}],"wp:term":[{"taxonomy":"category","embeddable":true,"href":"https:\/\/linitiative.ca\/International\/wp-json\/wp\/v2\/categories?post=71056"},{"taxonomy":"post_tag","embeddable":true,"href":"https:\/\/linitiative.ca\/International\/wp-json\/wp\/v2\/tags?post=71056"}],"curies":[{"name":"wp","href":"https:\/\/api.w.org\/{rel}","templated":true}]}}