{"id":71057,"date":"2019-12-23T15:19:07","date_gmt":"2019-12-23T20:19:07","guid":{"rendered":"https:\/\/linitiative.ca\/International\/le-general-major-said-chengriha-chef-detat-major-de-lanp-par-interim\/"},"modified":"2019-12-23T15:19:07","modified_gmt":"2019-12-23T20:19:07","slug":"le-general-major-said-chengriha-chef-detat-major-de-lanp-par-interim","status":"publish","type":"post","link":"https:\/\/linitiative.ca\/International\/le-general-major-said-chengriha-chef-detat-major-de-lanp-par-interim\/","title":{"rendered":"Le g\u00e9n\u00e9ral major Sa\u00efd Chengriha  : Chef d\u2019\u00e9tat major de l\u2019ANP par int\u00e9rim"},"content":{"rendered":"<p><strong>Le pr\u00e9sident de la R\u00e9publique, Abdelmadjid Tebboune a nomm\u00e9 le g\u00e9n\u00e9ral-major Sa\u00efd Chengriha en qualit\u00e9 de chef d&rsquo;\u00e9tat-major de l&rsquo;Arm\u00e9e nationale populaire (ANP) par int\u00e9rim suite au d\u00e9c\u00e8s du g\u00e9n\u00e9ral de corps d&rsquo;Arm\u00e9e, Ahmed Ga\u00efd Salah, a indiqu\u00e9 un communiqu\u00e9 de la pr\u00e9sidence de la R\u00e9publique.<br \/>\u00a0\u00abSuite au d\u00e9c\u00e8s du G\u00e9n\u00e9ral de corps d&rsquo;Arm\u00e9e, Ahmed Ga\u00efd Salah, le pr\u00e9sident de la R\u00e9publique, ministre de la D\u00e9fense nationale, chef supr\u00eame des Forces arm\u00e9es, M.\u2008Abdelmadjid Tebboune, a nomm\u00e9, lundi 23 d\u00e9cembre 2019, le g\u00e9n\u00e9ral-major Sa\u00efd Chengriha en qualit\u00e9 de chef d&rsquo;\u00e9tat-major de l&rsquo;Arm\u00e9e nationale populaire par int\u00e9rim\u00bb, lit-on dans le communiqu\u00e9.<\/strong><\/p>\n<p>Le g\u00e9n\u00e9ral-major Sa\u00efd Chengriha, nomm\u00e9 chef d\u2019\u00e9tat-major de l\u2019Arm\u00e9e nationale populaire (ANP) par int\u00e9rim, suite au d\u00e9c\u00e8s du g\u00e9n\u00e9ral de corps d\u2019Arm\u00e9e Ahmed Ga\u00efd Salah, a occup\u00e9 plusieurs postes au sein de l\u2019Arm\u00e9e dont le dernier a \u00e9t\u00e9 celui de Commandant des Forces terrestres.<br \/>N\u00e9 le 1 ao\u00fbt 1945 \u00e0 El Kantara (Biskra), le g\u00e9n\u00e9ral-major Chengriha a obtenu des dipl\u00f4mes militaires dans la formation fondamentale, les cours d\u2019application, les cours de chef de Compagnie de Chars, des Capitaines de l\u2019arme des Blind\u00e9s ainsi que les cours d\u2019\u00e9tat-major et les cours sup\u00e9rieurs de guerre.<br \/>Il a eu \u00e0 assumer, au sein du corps de bataille terrestre, les fonctions de commandant de Bataillon de Chars de Combat\/Brigade blind\u00e9e, chef d\u2019\u00e9tat-major d\u2019une Brigade blind\u00e9e, commandant d\u2019une Brigade blind\u00e9e (3e R\u00e9gion militaire) et chef d\u2019\u00e9tat-major d\u2019une Division blind\u00e9e et commandant de l\u2019Ecole d\u2019application de l\u2019arme des Blind\u00e9s (5e R\u00e9gion militaire). Il a \u00e9galement occup\u00e9 le poste de commandant d\u2019une Division blind\u00e9e (2e R\u00e9gion militaire), adjoint au commandant de la 3e R\u00e9gion militaire et commandant de la 3e R\u00e9gion militaire.<br \/>Le g\u00e9n\u00e9ral-major Chengriha, qui a particip\u00e9 \u00e0 la campagne du Moyen-Orient en Egypte, a \u00e9t\u00e9 promu au grade de g\u00e9n\u00e9ral en 1998, puis au grade de g\u00e9n\u00e9ral-major en 2003. Il occupait le poste de commandant des Forces terrestres depuis septembre 2018, avant d\u2019\u00eatre nomm\u00e9 chef d\u2019\u00e9tat-major de l\u2019ANP par int\u00e9rim.\u00a0 Il a \u00e9t\u00e9 d\u00e9cor\u00e9 de la m\u00e9daille de l\u2019ANP 3e Chevron, la m\u00e9daille de participation de l\u2019ANP aux deux guerres du Moyen-Orient (1967 et 1973), la m\u00e9daille du m\u00e9rite militaire et la m\u00e9daille d\u2019honneur. Le g\u00e9n\u00e9ral-major Sa\u00efd Chengriha est mari\u00e9 et p\u00e8re de six enfants.<\/p>\n<p>Auteur: elmoudjahid<br \/>\n<a href=\"http:\/\/www.elmoudjahid.com\/fr\/actualites\/146255\">Cliquez ici pour lire l&rsquo;article depuis sa source.<\/a><\/p>\n","protected":false},"excerpt":{"rendered":"<p>Le pr\u00e9sident de la R\u00e9publique, Abdelmadjid Tebboune a nomm\u00e9 le g\u00e9n\u00e9ral-major Sa\u00efd Chengriha en qualit\u00e9 de chef d&rsquo;\u00e9tat-major de l&rsquo;Arm\u00e9e nationale populaire (ANP) par int\u00e9rim suite au d\u00e9c\u00e8s du g\u00e9n\u00e9ral de corps d&rsquo;Arm\u00e9e, Ahmed Ga\u00efd Salah, a indiqu\u00e9 un communiqu\u00e9 de la pr\u00e9sidence de la R\u00e9publique.\u00a0\u00abSuite au d\u00e9c\u00e8s du G\u00e9n\u00e9ral de corps d&rsquo;Arm\u00e9e, Ahmed Ga\u00efd [&hellip;]<\/p>\n","protected":false},"author":1744,"featured_media":0,"comment_status":"closed","ping_status":"closed","sticky":false,"template":"","format":"standard","meta":{"fifu_image_url":"","fifu_image_alt":"","footnotes":""},"categories":[73,53],"tags":[],"class_list":["post-71057","post","type-post","status-publish","format-standard","hentry","category-actualite","category-algerie"],"_links":{"self":[{"href":"https:\/\/linitiative.ca\/International\/wp-json\/wp\/v2\/posts\/71057","targetHints":{"allow":["GET"]}}],"collection":[{"href":"https:\/\/linitiative.ca\/International\/wp-json\/wp\/v2\/posts"}],"about":[{"href":"https:\/\/linitiative.ca\/International\/wp-json\/wp\/v2\/types\/post"}],"author":[{"embeddable":true,"href":"https:\/\/linitiative.ca\/International\/wp-json\/wp\/v2\/users\/1744"}],"replies":[{"embeddable":true,"href":"https:\/\/linitiative.ca\/International\/wp-json\/wp\/v2\/comments?post=71057"}],"version-history":[{"count":0,"href":"https:\/\/linitiative.ca\/International\/wp-json\/wp\/v2\/posts\/71057\/revisions"}],"wp:attachment":[{"href":"https:\/\/linitiative.ca\/International\/wp-json\/wp\/v2\/media?parent=71057"}],"wp:term":[{"taxonomy":"category","embeddable":true,"href":"https:\/\/linitiative.ca\/International\/wp-json\/wp\/v2\/categories?post=71057"},{"taxonomy":"post_tag","embeddable":true,"href":"https:\/\/linitiative.ca\/International\/wp-json\/wp\/v2\/tags?post=71057"}],"curies":[{"name":"wp","href":"https:\/\/api.w.org\/{rel}","templated":true}]}}