{"id":71058,"date":"2019-12-23T15:19:09","date_gmt":"2019-12-23T20:19:09","guid":{"rendered":"https:\/\/linitiative.ca\/International\/conseil-de-la-nation-suspension-des-travaux\/"},"modified":"2019-12-23T15:19:09","modified_gmt":"2019-12-23T20:19:09","slug":"conseil-de-la-nation-suspension-des-travaux","status":"publish","type":"post","link":"https:\/\/linitiative.ca\/International\/conseil-de-la-nation-suspension-des-travaux\/","title":{"rendered":"Conseil de la nation  : Suspension des travaux"},"content":{"rendered":"<p>Le Conseil de la nation a d\u00e9cid\u00e9 la suspension de ses travaux en application du deuil d\u00e9cr\u00e9t\u00e9 par le pr\u00e9sident.\u00a0<br \/>\u00abD\u00e8s l&rsquo;annonce de la terrible nouvelle du d\u00e9c\u00e8s du moudjahid Ahmed Ga\u00efd Salah, vice-ministre de la D\u00e9fense nationale, chef d&rsquo;Etat-major de l&rsquo;Arm\u00e9e nationale populaire (ANP), paix \u00e0 son \u00e2me, le pr\u00e9sident du Conseil de la nation par int\u00e9rim, Salah Goudjil, a ordonn\u00e9 la suspension des travaux \u00e0 une date ult\u00e9rieure en application du deuil d\u00e9cr\u00e9t\u00e9 par le pr\u00e9sident de la R\u00e9publique, ministre de la D\u00e9fense nationale, chef supr\u00eame des Forces arm\u00e9es, M. Abdelmadjid Tebboune\u00bb, indique un communiqu\u00e9 de la chambre haute du Parlement.<br \/>Par ailleurs, la Commission de l&rsquo;\u00e9quipement et du d\u00e9veloppement au Conseil de la nation avait tenu, dans le cadre de l&rsquo;examen du projet de loi relatif aux radiocommunications, une r\u00e9union sous la pr\u00e9sidence<br \/>de M. Mohamed Ameur, lors de laquelle elle a \u00e9cout\u00e9 un expos\u00e9 pr\u00e9sent\u00e9 par la ministre de la Poste, des T\u00e9l\u00e9communications, des Technologies et du Num\u00e9rique, Houda-Imane Faraoun, en pr\u00e9sence du ministre charg\u00e9 des Relations avec le Parlement, Fethi Khouil.<br \/>\u00a0<\/p>\n<p>Auteur: elmoudjahid<br \/>\n<a href=\"http:\/\/www.elmoudjahid.com\/fr\/actualites\/146256\">Cliquez ici pour lire l&rsquo;article depuis sa source.<\/a><\/p>\n","protected":false},"excerpt":{"rendered":"<p>Le Conseil de la nation a d\u00e9cid\u00e9 la suspension de ses travaux en application du deuil d\u00e9cr\u00e9t\u00e9 par le pr\u00e9sident.\u00a0\u00abD\u00e8s l&rsquo;annonce de la terrible nouvelle du d\u00e9c\u00e8s du moudjahid Ahmed Ga\u00efd Salah, vice-ministre de la D\u00e9fense nationale, chef d&rsquo;Etat-major de l&rsquo;Arm\u00e9e nationale populaire (ANP), paix \u00e0 son \u00e2me, le pr\u00e9sident du Conseil de la nation [&hellip;]<\/p>\n","protected":false},"author":1744,"featured_media":0,"comment_status":"closed","ping_status":"closed","sticky":false,"template":"","format":"standard","meta":{"fifu_image_url":"","fifu_image_alt":"","footnotes":""},"categories":[73,53],"tags":[],"class_list":["post-71058","post","type-post","status-publish","format-standard","hentry","category-actualite","category-algerie"],"_links":{"self":[{"href":"https:\/\/linitiative.ca\/International\/wp-json\/wp\/v2\/posts\/71058","targetHints":{"allow":["GET"]}}],"collection":[{"href":"https:\/\/linitiative.ca\/International\/wp-json\/wp\/v2\/posts"}],"about":[{"href":"https:\/\/linitiative.ca\/International\/wp-json\/wp\/v2\/types\/post"}],"author":[{"embeddable":true,"href":"https:\/\/linitiative.ca\/International\/wp-json\/wp\/v2\/users\/1744"}],"replies":[{"embeddable":true,"href":"https:\/\/linitiative.ca\/International\/wp-json\/wp\/v2\/comments?post=71058"}],"version-history":[{"count":0,"href":"https:\/\/linitiative.ca\/International\/wp-json\/wp\/v2\/posts\/71058\/revisions"}],"wp:attachment":[{"href":"https:\/\/linitiative.ca\/International\/wp-json\/wp\/v2\/media?parent=71058"}],"wp:term":[{"taxonomy":"category","embeddable":true,"href":"https:\/\/linitiative.ca\/International\/wp-json\/wp\/v2\/categories?post=71058"},{"taxonomy":"post_tag","embeddable":true,"href":"https:\/\/linitiative.ca\/International\/wp-json\/wp\/v2\/tags?post=71058"}],"curies":[{"name":"wp","href":"https:\/\/api.w.org\/{rel}","templated":true}]}}