{"id":71059,"date":"2019-12-23T15:19:11","date_gmt":"2019-12-23T20:19:11","guid":{"rendered":"https:\/\/linitiative.ca\/International\/deces-du-general-de-corps-darmee-ahmed-gaid-salah-le-president-tebboune-decrete-un-deuil-national-de-trois-jours\/"},"modified":"2019-12-23T15:19:11","modified_gmt":"2019-12-23T20:19:11","slug":"deces-du-general-de-corps-darmee-ahmed-gaid-salah-le-president-tebboune-decrete-un-deuil-national-de-trois-jours","status":"publish","type":"post","link":"https:\/\/linitiative.ca\/International\/deces-du-general-de-corps-darmee-ahmed-gaid-salah-le-president-tebboune-decrete-un-deuil-national-de-trois-jours\/","title":{"rendered":"D\u00e9c\u00e8s du g\u00e9n\u00e9ral de corps d\u2019arm\u00e9e Ahmed Ga\u00efd Salah : Le pr\u00e9sident Tebboune d\u00e9cr\u00e8te un deuil national de trois jours"},"content":{"rendered":"<p>Le pr\u00e9sident de la R\u00e9publique, Abdelmadjid Tebboune, a d\u00e9cr\u00e9t\u00e9 hier un deuil national de trois jours suite au d\u00e9c\u00e8s du G\u00e9n\u00e9ral de corps d&rsquo;Arm\u00e9e, Ahmed Ga\u00efd Salah, vice-ministre de la D\u00e9fense nationale, chef d&rsquo;Etat-major de l&rsquo;Arm\u00e9e nationale populaire (ANP), indique un communique de la Pr\u00e9sidence de la R\u00e9publique.<br \/>\u00abSuite au d\u00e9c\u00e8s du moudjahid, le G\u00e9n\u00e9ral de corps d&rsquo;Arm\u00e9e Ahmed Ga\u00efd Salah, le pr\u00e9sident de la R\u00e9publique, ministre de la D\u00e9fense nationale, chef supr\u00eame des Forces arm\u00e9es,<br \/>M. Abdelmadjid Tebboune, a d\u00e9cr\u00e9t\u00e9 un deuil national de trois jours et de sept jours pour l&rsquo;institution de l&rsquo;ANP\u00bb, a pr\u00e9cis\u00e9 la m\u00eame source.<br \/>\u00a0<\/p>\n<p>Auteur: elmoudjahid<br \/>\n<a href=\"http:\/\/www.elmoudjahid.com\/fr\/actualites\/146257\">Cliquez ici pour lire l&rsquo;article depuis sa source.<\/a><\/p>\n","protected":false},"excerpt":{"rendered":"<p>Le pr\u00e9sident de la R\u00e9publique, Abdelmadjid Tebboune, a d\u00e9cr\u00e9t\u00e9 hier un deuil national de trois jours suite au d\u00e9c\u00e8s du G\u00e9n\u00e9ral de corps d&rsquo;Arm\u00e9e, Ahmed Ga\u00efd Salah, vice-ministre de la D\u00e9fense nationale, chef d&rsquo;Etat-major de l&rsquo;Arm\u00e9e nationale populaire (ANP), indique un communique de la Pr\u00e9sidence de la R\u00e9publique.\u00abSuite au d\u00e9c\u00e8s du moudjahid, le G\u00e9n\u00e9ral de [&hellip;]<\/p>\n","protected":false},"author":1744,"featured_media":0,"comment_status":"closed","ping_status":"closed","sticky":false,"template":"","format":"standard","meta":{"fifu_image_url":"","fifu_image_alt":"","footnotes":""},"categories":[73,53],"tags":[],"class_list":["post-71059","post","type-post","status-publish","format-standard","hentry","category-actualite","category-algerie"],"_links":{"self":[{"href":"https:\/\/linitiative.ca\/International\/wp-json\/wp\/v2\/posts\/71059","targetHints":{"allow":["GET"]}}],"collection":[{"href":"https:\/\/linitiative.ca\/International\/wp-json\/wp\/v2\/posts"}],"about":[{"href":"https:\/\/linitiative.ca\/International\/wp-json\/wp\/v2\/types\/post"}],"author":[{"embeddable":true,"href":"https:\/\/linitiative.ca\/International\/wp-json\/wp\/v2\/users\/1744"}],"replies":[{"embeddable":true,"href":"https:\/\/linitiative.ca\/International\/wp-json\/wp\/v2\/comments?post=71059"}],"version-history":[{"count":0,"href":"https:\/\/linitiative.ca\/International\/wp-json\/wp\/v2\/posts\/71059\/revisions"}],"wp:attachment":[{"href":"https:\/\/linitiative.ca\/International\/wp-json\/wp\/v2\/media?parent=71059"}],"wp:term":[{"taxonomy":"category","embeddable":true,"href":"https:\/\/linitiative.ca\/International\/wp-json\/wp\/v2\/categories?post=71059"},{"taxonomy":"post_tag","embeddable":true,"href":"https:\/\/linitiative.ca\/International\/wp-json\/wp\/v2\/tags?post=71059"}],"curies":[{"name":"wp","href":"https:\/\/api.w.org\/{rel}","templated":true}]}}