{"id":71064,"date":"2019-12-23T11:41:00","date_gmt":"2019-12-23T16:41:00","guid":{"rendered":"https:\/\/linitiative.ca\/International\/affaire-des-conservateurs-fonciers-le-proces-de-kamel-chikhi-reporte-au-05-janvier\/"},"modified":"2019-12-23T11:41:00","modified_gmt":"2019-12-23T16:41:00","slug":"affaire-des-conservateurs-fonciers-le-proces-de-kamel-chikhi-reporte-au-05-janvier","status":"publish","type":"post","link":"https:\/\/linitiative.ca\/International\/affaire-des-conservateurs-fonciers-le-proces-de-kamel-chikhi-reporte-au-05-janvier\/","title":{"rendered":"AFFAIRE DES CONSERVATEURS FONCIERS : Le proc\u00e8s de Kamel Chikhi report\u00e9 au 05 janvier"},"content":{"rendered":"<p><br id=\"sep_para_1\" class=\"sep_para access\"\/><\/p>\n<div id=\"para_1\" class=\"para_34596935 resize\">\n<div class=\"texte access firstletter\">Selon le site Ennahar Online, la Cour d\u2019Alger a d\u00e9cid\u00e9 de repousser la date du proc\u00e8s au 05 janvier 2020, mais le collectif de la d\u00e9fense avait pr\u00e9f\u00e9r\u00e9 de la reporter au 12 janvier de la m\u00eame ann\u00e9e. Dans cette affaire, Kamel El Bouchi est poursuivi avec 12 autres accus\u00e9s pour octroi de privil\u00e8ges indus, abus de fonction et pots-de-vin. Le tribunal de Sidi M\u2019hamed avait auparavant requis des peines allant jusqu\u2019\u00e0 10 ans \u00e0 l\u2019encontre des accus\u00e9s dans cette affaire. Le dossier de ladite affaire a \u00e9t\u00e9 ensuite transmis \u00e0 la cour d\u2019Alger. Il est \u00e0 rappeler que Kamel El Bouchi est poursuivi dans une autre affaire \u00e0 savoir celle de 701 kg coca\u00efne saisis au port d\u2019Oran.\u00a0<\/div>\n<\/div>\n<p>Auteur: Ismain<br \/>\n<a href=\"https:\/\/www.reflexiondz.net\/AFFAIRE-DES-CONSERVATEURS-FONCIERS-Le-proces-de-Kamel-Chikhi-reporte-au-05-janvier_a59586.html\">Cliquez ici pour lire l&rsquo;article depuis sa source.<\/a><\/p>\n","protected":false},"excerpt":{"rendered":"<p>Selon le site Ennahar Online, la Cour d\u2019Alger a d\u00e9cid\u00e9 de repousser la date du proc\u00e8s au 05 janvier 2020, mais le collectif de la d\u00e9fense avait pr\u00e9f\u00e9r\u00e9 de la reporter au 12 janvier de la m\u00eame ann\u00e9e. Dans cette affaire, Kamel El Bouchi est poursuivi avec 12 autres accus\u00e9s pour octroi de privil\u00e8ges indus, [&hellip;]<\/p>\n","protected":false},"author":1740,"featured_media":0,"comment_status":"closed","ping_status":"closed","sticky":false,"template":"","format":"standard","meta":{"fifu_image_url":"","fifu_image_alt":"","footnotes":""},"categories":[53,76],"tags":[],"class_list":["post-71064","post","type-post","status-publish","format-standard","hentry","category-algerie","category-regions"],"_links":{"self":[{"href":"https:\/\/linitiative.ca\/International\/wp-json\/wp\/v2\/posts\/71064","targetHints":{"allow":["GET"]}}],"collection":[{"href":"https:\/\/linitiative.ca\/International\/wp-json\/wp\/v2\/posts"}],"about":[{"href":"https:\/\/linitiative.ca\/International\/wp-json\/wp\/v2\/types\/post"}],"author":[{"embeddable":true,"href":"https:\/\/linitiative.ca\/International\/wp-json\/wp\/v2\/users\/1740"}],"replies":[{"embeddable":true,"href":"https:\/\/linitiative.ca\/International\/wp-json\/wp\/v2\/comments?post=71064"}],"version-history":[{"count":0,"href":"https:\/\/linitiative.ca\/International\/wp-json\/wp\/v2\/posts\/71064\/revisions"}],"wp:attachment":[{"href":"https:\/\/linitiative.ca\/International\/wp-json\/wp\/v2\/media?parent=71064"}],"wp:term":[{"taxonomy":"category","embeddable":true,"href":"https:\/\/linitiative.ca\/International\/wp-json\/wp\/v2\/categories?post=71064"},{"taxonomy":"post_tag","embeddable":true,"href":"https:\/\/linitiative.ca\/International\/wp-json\/wp\/v2\/tags?post=71064"}],"curies":[{"name":"wp","href":"https:\/\/api.w.org\/{rel}","templated":true}]}}