{"id":71066,"date":"2019-12-23T11:43:00","date_gmt":"2019-12-23T16:43:00","guid":{"rendered":"https:\/\/linitiative.ca\/International\/le-general-chengriha-bachelier-en-1964\/"},"modified":"2019-12-23T11:43:00","modified_gmt":"2019-12-23T16:43:00","slug":"le-general-chengriha-bachelier-en-1964","status":"publish","type":"post","link":"https:\/\/linitiative.ca\/International\/le-general-chengriha-bachelier-en-1964\/","title":{"rendered":"Le g\u00e9n\u00e9ral Chengriha,  bachelier en 1964"},"content":{"rendered":"<p><br id=\"sep_para_1\" class=\"sep_para access\"\/><\/p>\n<div id=\"para_1\" class=\"para_34596950 resize\">\n<div class=\"texte access firstletter\">Le nouveau chef d\u2019\u00e9tat-major de l\u2019ANP, g\u00e9n\u00e9ral major Sa\u00efd Chengriha \u00e9tait le Commandant des forces terrestres depuis le 16 septembre 2018, en remplacement du g\u00e9n\u00e9ral major Lahcene Taffer. Il avait obtenu son Baccalaur\u00e9at en 1964, a affirm\u00e9\u00a0 Akram Kharief, journaliste sp\u00e9cialis\u00e9 dans les affaires militaires. Il a occup\u00e9 le poste de la \u00ab tr\u00e8s sensible \u00bb 3e R\u00e9gion Militaire et il est connu pour \u00ab ses qualit\u00e9s de strat\u00e8ge militaire \u00bb, selon le site sp\u00e9cialis\u00e9 MENA Defense. \u00ab Il a tr\u00e8s longtemps travaill\u00e9 \u00e0 la s\u00e9curisation de la fronti\u00e8re Ouest et a accompagn\u00e9 les changements strat\u00e9giques qu\u2019a connu l\u2019ANP \u00e0 partir de 2010 et le red\u00e9ploiement vers les fronti\u00e8res Est et Sud \u00bb, ajoute la m\u00eame source. \u00ab Il est n\u00e9 en 1945 \u00e0 El Kentara dans la r\u00e9gion de Biskra. Sa\u00efd Chengriha a une formation d\u2019officier d\u2019infanterie et a suivi les cours d\u2019\u00e9tat-major \u00e0 l\u2019acad\u00e9mie russe de Vorochilov, pendant les ann\u00e9es 70. Homme de terrain, il n\u2019a jamais eu \u00e0 g\u00e9rer les achats militaires ou les relations ext\u00e9rieures de l\u2019ANP \u00bb, pr\u00e9cise la m\u00eame source.<\/div>\n<\/div>\n<p>Auteur: R\u00e9flexion<br \/>\n<a href=\"https:\/\/www.reflexiondz.net\/Le-general-Chengriha-bachelier-en-1964_a59590.html\">Cliquez ici pour lire l&rsquo;article depuis sa source.<\/a><\/p>\n","protected":false},"excerpt":{"rendered":"<p>Le nouveau chef d\u2019\u00e9tat-major de l\u2019ANP, g\u00e9n\u00e9ral major Sa\u00efd Chengriha \u00e9tait le Commandant des forces terrestres depuis le 16 septembre 2018, en remplacement du g\u00e9n\u00e9ral major Lahcene Taffer. Il avait obtenu son Baccalaur\u00e9at en 1964, a affirm\u00e9\u00a0 Akram Kharief, journaliste sp\u00e9cialis\u00e9 dans les affaires militaires. Il a occup\u00e9 le poste de la \u00ab tr\u00e8s sensible [&hellip;]<\/p>\n","protected":false},"author":1740,"featured_media":0,"comment_status":"closed","ping_status":"closed","sticky":false,"template":"","format":"standard","meta":{"fifu_image_url":"","fifu_image_alt":"","footnotes":""},"categories":[53,76],"tags":[],"class_list":["post-71066","post","type-post","status-publish","format-standard","hentry","category-algerie","category-regions"],"_links":{"self":[{"href":"https:\/\/linitiative.ca\/International\/wp-json\/wp\/v2\/posts\/71066","targetHints":{"allow":["GET"]}}],"collection":[{"href":"https:\/\/linitiative.ca\/International\/wp-json\/wp\/v2\/posts"}],"about":[{"href":"https:\/\/linitiative.ca\/International\/wp-json\/wp\/v2\/types\/post"}],"author":[{"embeddable":true,"href":"https:\/\/linitiative.ca\/International\/wp-json\/wp\/v2\/users\/1740"}],"replies":[{"embeddable":true,"href":"https:\/\/linitiative.ca\/International\/wp-json\/wp\/v2\/comments?post=71066"}],"version-history":[{"count":0,"href":"https:\/\/linitiative.ca\/International\/wp-json\/wp\/v2\/posts\/71066\/revisions"}],"wp:attachment":[{"href":"https:\/\/linitiative.ca\/International\/wp-json\/wp\/v2\/media?parent=71066"}],"wp:term":[{"taxonomy":"category","embeddable":true,"href":"https:\/\/linitiative.ca\/International\/wp-json\/wp\/v2\/categories?post=71066"},{"taxonomy":"post_tag","embeddable":true,"href":"https:\/\/linitiative.ca\/International\/wp-json\/wp\/v2\/tags?post=71066"}],"curies":[{"name":"wp","href":"https:\/\/api.w.org\/{rel}","templated":true}]}}