{"id":71067,"date":"2019-12-23T13:25:00","date_gmt":"2019-12-23T18:25:00","guid":{"rendered":"https:\/\/linitiative.ca\/International\/le-general-major-said-chanegriha-nouveau-chef-detat-major-de-lanp\/"},"modified":"2019-12-23T13:25:00","modified_gmt":"2019-12-23T18:25:00","slug":"le-general-major-said-chanegriha-nouveau-chef-detat-major-de-lanp","status":"publish","type":"post","link":"https:\/\/linitiative.ca\/International\/le-general-major-said-chanegriha-nouveau-chef-detat-major-de-lanp\/","title":{"rendered":"Le G\u00e9n\u00e9ral-major Sa\u00efd Chanegriha, nouveau Chef d\u2019Etat-major de l\u2019ANP"},"content":{"rendered":"<p><br id=\"sep_para_1\" class=\"sep_para access\"\/><\/p>\n<div id=\"para_1\" class=\"para_34598130 resize\">\n<div class=\"photo shadow left\"><a href=\"javascript:void(0)\" rel=\"https:\/\/www.reflexiondz.net\/photo\/art\/grande\/41034189-34598130.jpg?v=1577129940&#038;ibox\" title=\"Le G\u00e9n\u00e9ral-major Sa\u00efd Chanegriha, nouveau Chef d\u2019Etat-major de l\u2019ANP\"><img decoding=\"async\" class=\"responsive c9\" src=\"https:\/\/www.reflexiondz.net\/photo\/art\/grande\/41034189-34598130.jpg?v=1577129940\" alt=\"Le G\u00e9n\u00e9ral-major Sa\u00efd Chanegriha, nouveau Chef d\u2019Etat-major de l\u2019ANP\" title=\"Le G\u00e9n\u00e9ral-major Sa\u00efd Chanegriha, nouveau Chef d\u2019Etat-major de l\u2019ANP\"\/><img decoding=\"async\" class=\"not-responsive\" src=\"https:\/\/www.reflexiondz.net\/photo\/art\/default\/41034189-34598130.jpg?v=1577129941\" alt=\"Le G\u00e9n\u00e9ral-major Sa\u00efd Chanegriha, nouveau Chef d\u2019Etat-major de l\u2019ANP\" title=\"Le G\u00e9n\u00e9ral-major Sa\u00efd Chanegriha, nouveau Chef d\u2019Etat-major de l\u2019ANP\"\/><\/a><\/div>\n<div class=\"texte access firstletter\">Le Pr\u00e9sident de la R\u00e9publique, Abdelmadjid Tebboune, vient de nommer le G\u00e9n\u00e9ral-major Sa\u00efd Chanegriha au poste de Chef d\u2019Etat-major de l\u2019Arm\u00e9e nationale populaire par int\u00e9rim.<br \/>Le G\u00e9n\u00e9ral-Major Sa\u00efd Chanegriha est \u00e2g\u00e9 de 74 ans. Natif de Biskra, il occupait jusqu\u2019ici le poste de Commandant des Forces terrestres. Titulaire de plusieurs dipl\u00f4mes militaires, Sa\u00efd Chanegriha a assum\u00e9 de hautes fonctions au sein de l\u2019Arm\u00e9e nationale populaire. Il a notamment occup\u00e9 les postes de Commandant de Bataillon de Chars de combat \u00e0 la 3e R\u00e9gion militaire, Chef d\u2019Etat-major d\u2019une Division blind\u00e9e en 5e R\u00e9gion militaire.Il devient plus tard Commandant de l\u2019Ecole d\u2019Application de l\u2019arme des blind\u00e9s puis adjoint au Commandant de la 3e R\u00e9gion militaire, avant de devenir Commandant de cette m\u00eame R\u00e9gion. Il a \u00e9t\u00e9 promu au grade de G\u00e9n\u00e9ral-major en 2003. Depuis ao\u00fbt 2018, il occupait le poste de Commandant des Forces terrestres.<\/div>\n<\/div>\n<p>Auteur: R\u00e9flexion<br \/>\n<a href=\"https:\/\/www.reflexiondz.net\/Le-General-major-Said-Chanegriha-nouveau-Chef-d-Etat-major-de-l-ANP_a59591.html\">Cliquez ici pour lire l&rsquo;article depuis sa source.<\/a><\/p>\n","protected":false},"excerpt":{"rendered":"<p>Le Pr\u00e9sident de la R\u00e9publique, Abdelmadjid Tebboune, vient de nommer le G\u00e9n\u00e9ral-major Sa\u00efd Chanegriha au poste de Chef d\u2019Etat-major de l\u2019Arm\u00e9e nationale populaire par int\u00e9rim.Le G\u00e9n\u00e9ral-Major Sa\u00efd Chanegriha est \u00e2g\u00e9 de 74 ans. Natif de Biskra, il occupait jusqu\u2019ici le poste de Commandant des Forces terrestres. Titulaire de plusieurs dipl\u00f4mes militaires, Sa\u00efd Chanegriha a assum\u00e9 [&hellip;]<\/p>\n","protected":false},"author":1740,"featured_media":0,"comment_status":"closed","ping_status":"closed","sticky":false,"template":"","format":"standard","meta":{"fifu_image_url":"","fifu_image_alt":"","footnotes":""},"categories":[53,76],"tags":[],"class_list":["post-71067","post","type-post","status-publish","format-standard","hentry","category-algerie","category-regions"],"_links":{"self":[{"href":"https:\/\/linitiative.ca\/International\/wp-json\/wp\/v2\/posts\/71067","targetHints":{"allow":["GET"]}}],"collection":[{"href":"https:\/\/linitiative.ca\/International\/wp-json\/wp\/v2\/posts"}],"about":[{"href":"https:\/\/linitiative.ca\/International\/wp-json\/wp\/v2\/types\/post"}],"author":[{"embeddable":true,"href":"https:\/\/linitiative.ca\/International\/wp-json\/wp\/v2\/users\/1740"}],"replies":[{"embeddable":true,"href":"https:\/\/linitiative.ca\/International\/wp-json\/wp\/v2\/comments?post=71067"}],"version-history":[{"count":0,"href":"https:\/\/linitiative.ca\/International\/wp-json\/wp\/v2\/posts\/71067\/revisions"}],"wp:attachment":[{"href":"https:\/\/linitiative.ca\/International\/wp-json\/wp\/v2\/media?parent=71067"}],"wp:term":[{"taxonomy":"category","embeddable":true,"href":"https:\/\/linitiative.ca\/International\/wp-json\/wp\/v2\/categories?post=71067"},{"taxonomy":"post_tag","embeddable":true,"href":"https:\/\/linitiative.ca\/International\/wp-json\/wp\/v2\/tags?post=71067"}],"curies":[{"name":"wp","href":"https:\/\/api.w.org\/{rel}","templated":true}]}}