{"id":71071,"date":"2019-12-23T06:31:00","date_gmt":"2019-12-23T11:31:00","guid":{"rendered":"https:\/\/linitiative.ca\/International\/lalgerie-apres-le-deces-du-general-ahmed-gaid-salah-lhomme-fort-au-devant-de-la-scene\/"},"modified":"2019-12-23T06:31:00","modified_gmt":"2019-12-23T11:31:00","slug":"lalgerie-apres-le-deces-du-general-ahmed-gaid-salah-lhomme-fort-au-devant-de-la-scene","status":"publish","type":"post","link":"https:\/\/linitiative.ca\/International\/lalgerie-apres-le-deces-du-general-ahmed-gaid-salah-lhomme-fort-au-devant-de-la-scene\/","title":{"rendered":"L\u2019Alg\u00e9rie apr\u00e8s le d\u00e9c\u00e8s du g\u00e9n\u00e9ral Ahmed Ga\u00efd Salah, l\u2019homme fort au-devant de la sc\u00e8ne"},"content":{"rendered":"<p>Mission accomplie apr\u00e8s l\u2019\u00e9lection du nouveau pr\u00e9sident de la R\u00e9publique alg\u00e9rienne Abdelmadjid Tebboun ? Le tout puissant vice-ministre de la D\u00e9fense et chef d\u2019Etat-Major de l\u2019arm\u00e9e, Ahmed Ga\u00efd Salah est d\u00e9c\u00e9d\u00e9 lundi \u00e0 l\u2019\u00e2ge de 79 ans. Intervenant 11 jours seulement apr\u00e8s ce scrutin aux forceps, sa mort change compl\u00e8tement la donne. Le pr\u00e9sident Tebboune a d\u00e9cr\u00e9t\u00e9 trois jours de deuil national et a charg\u00e9 le g\u00e9n\u00e9ral Sa\u00efd Chengriha, commandant des Forces terrestres, d\u2019assurer l\u2019int\u00e9rim<\/p>\n<p>Pilier du r\u00e9gime, Ahmed Ga\u00efd Salah d\u00e9tenait entre les mains tous les pouvoirs qu\u2019il n\u2019avait cess\u00e9 d\u2019exercer pleinement depuis le d\u00e9clenchement d\u00e9but de l\u2019ann\u00e9e du Hirak, qui a mis fin au r\u00e8gne du pr\u00e9sident Bouteflika et de son clan et avort\u00e9 les plan de sa reconduction pour un cinqui\u00e8me mandat pr\u00e9sidentiel.<\/p>\n<p>Sit\u00f4t \u00e9lu (le 12 d\u00e9cembre 2019), sur fond d\u2019un taux record d\u2019abstention de 60%, et d\u2019un refus total de vote en Kabylie, le pr\u00e9sident Tebboun, n\u2019\u00e9chappe pas \u00e0 la contestation de la rue. Il doit s\u2019ing\u00e9nier, pour s\u00e9curiser son mandat, \u00e0 r\u00e9pondre aux revendications r\u00e9solues du Hirak qui depuis le 16 f\u00e9vrier, continue pour la quarante-quatri\u00e8me semaine de suite, \u00e0 manifester sans rel\u00e2che, veillant au caract\u00e8re non violent et pacifique de leurs protestations. Ce mouvement sans leadership, ni structure ou programme, demande essentiellement la rupture avec l\u2019ordre ancien, le d\u00e9part des anciennes figures, la dissolution de l\u2019Assembl\u00e9e populaire nationale (ANP) et l\u2019\u00e9largissement des d\u00e9tenus politiques.<\/p>\n<p>Sans nul doute, une nouvelle page s\u2019ouvre aujourd\u2019hui en Alg\u00e9rie avec des changements profonds qui s\u2019annoncent et une transition significative.<br \/>\u00a0<\/p>\n<p>Auteur:<br \/>\n<a href=\"https:\/\/www.leaders.com.tn\/article\/28698-l-algerie-apres-le-deces-du-general-ahmed-gaid-salah-l-homme-fort-au-devant-de-la-scene\">Cliquez ici pour lire l&rsquo;article depuis sa source.<\/a><\/p>\n","protected":false},"excerpt":{"rendered":"<p>Mission accomplie apr\u00e8s l\u2019\u00e9lection du nouveau pr\u00e9sident de la R\u00e9publique alg\u00e9rienne Abdelmadjid Tebboun ? Le tout puissant vice-ministre de la D\u00e9fense et chef d\u2019Etat-Major de l\u2019arm\u00e9e, Ahmed Ga\u00efd Salah est d\u00e9c\u00e9d\u00e9 lundi \u00e0 l\u2019\u00e2ge de 79 ans. Intervenant 11 jours seulement apr\u00e8s ce scrutin aux forceps, sa mort change compl\u00e8tement la donne. Le pr\u00e9sident Tebboune [&hellip;]<\/p>\n","protected":false},"author":1772,"featured_media":0,"comment_status":"closed","ping_status":"closed","sticky":false,"template":"","format":"standard","meta":{"fifu_image_url":"","fifu_image_alt":"","footnotes":""},"categories":[73,55],"tags":[],"class_list":["post-71071","post","type-post","status-publish","format-standard","hentry","category-actualite","category-tunisie"],"_links":{"self":[{"href":"https:\/\/linitiative.ca\/International\/wp-json\/wp\/v2\/posts\/71071","targetHints":{"allow":["GET"]}}],"collection":[{"href":"https:\/\/linitiative.ca\/International\/wp-json\/wp\/v2\/posts"}],"about":[{"href":"https:\/\/linitiative.ca\/International\/wp-json\/wp\/v2\/types\/post"}],"author":[{"embeddable":true,"href":"https:\/\/linitiative.ca\/International\/wp-json\/wp\/v2\/users\/1772"}],"replies":[{"embeddable":true,"href":"https:\/\/linitiative.ca\/International\/wp-json\/wp\/v2\/comments?post=71071"}],"version-history":[{"count":0,"href":"https:\/\/linitiative.ca\/International\/wp-json\/wp\/v2\/posts\/71071\/revisions"}],"wp:attachment":[{"href":"https:\/\/linitiative.ca\/International\/wp-json\/wp\/v2\/media?parent=71071"}],"wp:term":[{"taxonomy":"category","embeddable":true,"href":"https:\/\/linitiative.ca\/International\/wp-json\/wp\/v2\/categories?post=71071"},{"taxonomy":"post_tag","embeddable":true,"href":"https:\/\/linitiative.ca\/International\/wp-json\/wp\/v2\/tags?post=71071"}],"curies":[{"name":"wp","href":"https:\/\/api.w.org\/{rel}","templated":true}]}}