{"id":71074,"date":"2019-12-23T13:22:00","date_gmt":"2019-12-23T18:22:00","guid":{"rendered":"https:\/\/linitiative.ca\/International\/habib-jemli-passe-au-plan-b-et-annonce-la-formation-dun-gouvernement-de-competences-independantes\/"},"modified":"2019-12-23T13:22:00","modified_gmt":"2019-12-23T18:22:00","slug":"habib-jemli-passe-au-plan-b-et-annonce-la-formation-dun-gouvernement-de-competences-independantes","status":"publish","type":"post","link":"https:\/\/linitiative.ca\/International\/habib-jemli-passe-au-plan-b-et-annonce-la-formation-dun-gouvernement-de-competences-independantes\/","title":{"rendered":"Habib Jemli passe au plan B et annonce la formation d\u2019un gouvernement de comp\u00e9tences ind\u00e9pendantes"},"content":{"rendered":"<p>\u00ab\u00a0La Tunisie a trop attendu et ne saurait attendre davantage. J\u2019ai fait toutes les concessions qui m\u2019ont \u00e9t\u00e9 demand\u00e9es de faire. En vain\u00a0! J\u2019ai pris ma d\u00e9cision de former un gouvernement compos\u00e9 de comp\u00e9tences ind\u00e9pendantes de tous partis politiques\u00a0\u00bb. La voix ferme et le ton d\u00e9termin\u00e9, Habib Jemli est pass\u00e9 lundi en fin d\u2019apr\u00e8s-midi au plan B qu\u2019il avait m\u00fbrement r\u00e9fl\u00e9chi, apr\u00e8s l\u2019\u00e9chec des pourparlers men\u00e9s depuis des semaines avec diff\u00e9rents partis politiques.<\/p>\n<p>Revenant sur les diff\u00e9rentes p\u00e9rip\u00e9ties de ce long marathon de 40 jours de n\u00e9gociations, il a pris les Tunisiens \u00e0 t\u00e9moin de sa bonne disposition et des tergiversations rencontr\u00e9es.<\/p>\n<p>Habib Jemli a tenu cependant \u00e0 pr\u00e9ciser sa conception de l\u2019int\u00e9grit\u00e9 et de l\u2019ind\u00e9pendance qu\u2019il a \u00e9rig\u00e9es, avec la comp\u00e9tence, en crit\u00e8re principal de choix de ses futurs co-\u00e9quipiers. Par int\u00e9grit\u00e9, il entend l\u2019absence de toute condamnation judiciaire aboutie. Ceux qui font l\u2019objet de soup\u00e7ons, demeurent innocents faut de condamnation d\u00e9finitive. Quant \u00e0 l\u2019ind\u00e9pendance partisane, elle est attest\u00e9e par le non-encartement dans un parti politique.<\/p>\n<p>\u00ab\u00a0Cette ind\u00e9pendance, soulignera Jemli, fait des membres du prochain gouvernement, des collaborateurs responsables uniquement devant le chef de gouvernement sans \u00eatre redevables \u00e0 des partis, et les lib\u00e8re ainsi de toute ob\u00e9dience ce qui leur laisse une grande marge de libert\u00e9 et de responsabilit\u00e9 uniquement vis-\u00e0-vis de l\u2019Etat.\u00a0\u00bb<\/p>\n<p><strong>Lire aussi<\/strong><\/p>\n<p><a href=\"https:\/\/www.leaders.com.tn\/article\/28703-jemli-change-la-donne-en-proposant-un-gouvernement-de-competences\" target=\"_blank\" rel=\"noopener noreferrer\">Jemli change la donne en proposant un gouvernement de comp\u00e9tences<\/a><br \/>\u00a0<\/p>\n<p>Auteur:<br \/>\n<a href=\"https:\/\/www.leaders.com.tn\/article\/28702-habib-jemli-passe-au-plan-b-et-annonce-la-formation-d-un-gouvernement-de-competences-independantes\">Cliquez ici pour lire l&rsquo;article depuis sa source.<\/a><\/p>\n","protected":false},"excerpt":{"rendered":"<p>\u00ab\u00a0La Tunisie a trop attendu et ne saurait attendre davantage. J\u2019ai fait toutes les concessions qui m\u2019ont \u00e9t\u00e9 demand\u00e9es de faire. En vain\u00a0! J\u2019ai pris ma d\u00e9cision de former un gouvernement compos\u00e9 de comp\u00e9tences ind\u00e9pendantes de tous partis politiques\u00a0\u00bb. La voix ferme et le ton d\u00e9termin\u00e9, Habib Jemli est pass\u00e9 lundi en fin d\u2019apr\u00e8s-midi au [&hellip;]<\/p>\n","protected":false},"author":1772,"featured_media":0,"comment_status":"closed","ping_status":"closed","sticky":false,"template":"","format":"standard","meta":{"fifu_image_url":"","fifu_image_alt":"","footnotes":""},"categories":[73,55],"tags":[],"class_list":["post-71074","post","type-post","status-publish","format-standard","hentry","category-actualite","category-tunisie"],"_links":{"self":[{"href":"https:\/\/linitiative.ca\/International\/wp-json\/wp\/v2\/posts\/71074","targetHints":{"allow":["GET"]}}],"collection":[{"href":"https:\/\/linitiative.ca\/International\/wp-json\/wp\/v2\/posts"}],"about":[{"href":"https:\/\/linitiative.ca\/International\/wp-json\/wp\/v2\/types\/post"}],"author":[{"embeddable":true,"href":"https:\/\/linitiative.ca\/International\/wp-json\/wp\/v2\/users\/1772"}],"replies":[{"embeddable":true,"href":"https:\/\/linitiative.ca\/International\/wp-json\/wp\/v2\/comments?post=71074"}],"version-history":[{"count":0,"href":"https:\/\/linitiative.ca\/International\/wp-json\/wp\/v2\/posts\/71074\/revisions"}],"wp:attachment":[{"href":"https:\/\/linitiative.ca\/International\/wp-json\/wp\/v2\/media?parent=71074"}],"wp:term":[{"taxonomy":"category","embeddable":true,"href":"https:\/\/linitiative.ca\/International\/wp-json\/wp\/v2\/categories?post=71074"},{"taxonomy":"post_tag","embeddable":true,"href":"https:\/\/linitiative.ca\/International\/wp-json\/wp\/v2\/tags?post=71074"}],"curies":[{"name":"wp","href":"https:\/\/api.w.org\/{rel}","templated":true}]}}