{"id":71080,"date":"2019-12-23T15:15:22","date_gmt":"2019-12-23T20:15:22","guid":{"rendered":"https:\/\/linitiative.ca\/International\/reforme-du-franc-cfa\/"},"modified":"2019-12-23T15:15:22","modified_gmt":"2019-12-23T20:15:22","slug":"reforme-du-franc-cfa","status":"publish","type":"post","link":"https:\/\/linitiative.ca\/International\/reforme-du-franc-cfa\/","title":{"rendered":"REFORME DU FRANC CFA\u00a0"},"content":{"rendered":"<div class=\"stream-item stream-item-above-post-content\">\n<p><noscript><\/p>\n<p><a href=\"\/\/www3.smartadserver.com\/ac?jump=1&#038;nwid=2136&#038;siteid=240610&#038;pgname=rg&#038;fmtid=49046&#038;visit=m&#038;tmstp=[timestamp]&#038;out=nonrich\" target=\"_blank\" rel=\"noopener noreferrer\"><img decoding=\"async\" src=\"\/\/www3.smartadserver.com\/ac?out=nonrich&#038;nwid=2136&#038;siteid=240610&#038;pgname=rg&#038;fmtid=49046&#038;visit=m&#038;tmstp=[timestamp]\" border=\"0\" alt=\"\"\/><\/a><\/p>\n<p><\/noscript><\/div>\n<p class=\"c3\">Fini le Franc CFA\u00a0! Bienvenue \u00e0 l\u2019ECO en 2020\u00a0! C\u2019est la grande d\u00e9cision de r\u00e9forme du Franc CFA en Afrique de l\u2019Ouest, rendue publique le week-end dernier, au lendemain du sommet de la Communaut\u00e9 \u00e9conomique des Etats de l\u2019Afrique de l\u2019Ouest (CEDEAO) et dont l\u2019annonce avait au pr\u00e9alable \u00e9t\u00e9 faite par le pr\u00e9sident fran\u00e7ais, Emmanuel Macron,\u00a0 et son homologue ivoirien, Alassane Ouattara, au d\u00e9tour d\u2019une visite du locataire du palais de l\u2019Elys\u00e9e \u00e0 Abidjan. Mais si le sort du Franc CFA semble d\u00e9finitivement scell\u00e9 et que son avenir se dessine d\u00e9sormais en pointill\u00e9s dans la zone UEMOA (Union \u00e9conomique et mon\u00e9taire Ouest-africaine), beaucoup d\u2019interrogations subsistent encore quant \u00e0 la date et aux conditions de sa disparition totale. Ainsi, si certains continuent de se demander en contrepartie de quoi la France se porte garante\u00a0 de la nouvelle monnaie si la BCEAO (Banque centrale des Etats de l\u2019Afrique de l\u2019Ouest) n\u2019a plus l\u2019obligation de d\u00e9poser la moiti\u00e9 de ses r\u00e9serves de change aupr\u00e8s de la Banque de France, d\u2019autres s\u2019interrogent plut\u00f4t sur la date de mise en circulation des premiers billets de la nouvelle monnaie\u00a0: l\u2019ECO.<\/p>\n<p><strong>\u00a0<\/strong><\/p>\n<p><strong>Dans la pratique, il faudra encore du temps avant que l\u2019on ne commence \u00e0 palper les nouveaux billets<\/strong><\/p>\n<p><strong>\u00a0<\/strong><\/p>\n<p class=\"c3\">Cette question est d\u2019autant plus importante que beaucoup de citoyens lambda semblent voir dans l\u2019entr\u00e9e en vigueur de la nouvelle monnaie, fix\u00e9e en 2020, la circulation imm\u00e9diate des nouveaux billets. Or, tout porte \u00e0 croire que dans la pratique, il faudra encore du temps avant que l\u2019on ne commence \u00e0 palper les nouveaux billets. C\u2019est pourquoi un travail d\u2019information et de sensibilisation s\u2019impose, pour permettre au public de bien prendre en marche le train de ce changement mon\u00e9taire majeur qui va immanquablement impacter la vie des populations. Dans quel sens ? Bien malin qui saurait le dire. Bien malin aussi qui saurait dire l\u2019accueil qui sera r\u00e9serv\u00e9 \u00e0 ce nouveau b\u00e9b\u00e9 dont on ne conna\u00eet pas encore le visage, mais dont la seule annonce de la naissance prochaine enthousiasme d\u00e9j\u00e0 les d\u00e9tracteurs du Franc CFA. Il faut \u00a0seulement esp\u00e9rer que le fruit tienne la promesse des fleurs et que l\u2019ECO s\u00e9duise, dans la forme comme dans le fond, les populations locales et d\u2019ailleurs qui sont appel\u00e9es \u00e0 s\u2019en servir. Au-del\u00e0, il faut esp\u00e9rer que la nouvelle monnaie contribue \u00e0\u00a0 booster v\u00e9ritablement les \u00e9conomies africaines\u00a0 en g\u00e9n\u00e9ral et celles des pays de la sous-r\u00e9gion en particulier, d\u00e9j\u00e0 \u00e0 la peine en raison de leur faible comp\u00e9titivit\u00e9 sur le march\u00e9 mondial. En tout cas, \u00e0 l\u2019\u00e9tape actuelle, l\u2019on se refuserait \u00e0 croire que ce changement de monnaie soit un simple effet d\u2019annonce encore moins une annonce qui restera sans effet. D\u2019autant que derri\u00e8re la concr\u00e9tisation de cette r\u00e9forme qui est maintenant en train de prendre forme, se trouve une opinion africaine tr\u00e8s critique, qui ne se fera sans doute pas prier pour remettre une couche de pression sur ses dirigeants\u00a0 politiques, si le processus venait \u00e0 montrer des signes de cahotement ou \u00e0\u00a0 conna\u00eetre des difficult\u00e9s d\u2019op\u00e9rationnalisation.<\/p>\n<p><strong>Il est important que ce passage du CFA \u00e0 l\u2019ECO ne soit pas v\u00e9cu par les populations comme un traumatisme<\/strong><\/p>\n<p><strong>\u00a0<\/strong><\/p>\n<p><strong>\u00a0<\/strong><\/p>\n<p class=\"c3\">C\u2019est dire si dans cette volont\u00e9\u00a0\u00ab\u00a0 <em>d\u2019affranchissement\u00a0mon\u00e9taire<\/em>\u00bb r\u00e9clam\u00e9 par une certaine opinion de plus en plus forte en Afrique, les pays de la sous-r\u00e9gion sont bien partis pour ne pas revenir en arri\u00e8re. Mais, il est aussi important que ce passage du CFA \u00e0 l\u2019ECO ne soit pas v\u00e9cu par les populations comme un traumatisme. C\u2019est pourquoi, en m\u00eame temps que le travail des experts se poursuit sur le terrain, \u00a0il est aussi n\u00e9cessaire d\u2019informer et de sensibiliser les populations sur le chronogramme et les modalit\u00e9s pratiques de mise en circulation de la nouvelle monnaie. Car, on a d\u00e9j\u00e0 vu, de par le pass\u00e9, des citoyens, en ville comme en campagne, se retrouver avec de colossales sommes d\u2019argent devenues du jour au lendemain sans valeur, apr\u00e8s la cl\u00f4ture de l\u2019op\u00e9ration de retrait et d\u2019\u00e9change des vieilles coupures du m\u00eame CFA. En tout \u00e9tat de cause, maintenant que le processus est engag\u00e9 et para\u00eet pour le moins irr\u00e9versible, il est imp\u00e9ratif de travailler \u00e0 ce que les populations puissent tirer le meilleur parti et le meilleur profit de ce changement de monnaie pour mieux l\u2019adopter et\u00a0 s\u2019y identifier . Autrement, si au lendemain de la mise en circulation de l\u2019ECO, les populations devaient se d\u00e9sillusionner au point de se montrer nostalgiques du CFA, l\u2019on serait amen\u00e9 \u00e0 se demander \u00e0 quoi aurait finalement servi toute cette d\u00e9bauche d\u2019\u00e9nergie, en temps et en moyens mat\u00e9riels et humains. A tout le moins, cela pourrait apporter de l\u2019eau au moulin de tous ces sceptiques qui voient derri\u00e8re toute cette agitation, une autre entourloupe de la France et dont le fin mot est de r\u00e9ussir, avec le concours de ses <em>\u00ab\u00a0valets locaux\u00a0\u00bb,<\/em> \u00a0\u00e0 pr\u00e9server ses int\u00e9r\u00eats dans un environnement mondial hautement concurrentiel. Ce serait un v\u00e9ritable g\u00e2chis.<\/p>\n<p><strong><em>\u00a0Le Pays\u00a0\u00bb<\/em><\/strong><\/p>\n<p><strong><em>\u00a0<\/em><\/strong><\/p>\n<p><strong><em>\u00a0<\/em><\/strong><\/p>\n<p><strong><em>\u00a0<\/em><\/strong><\/p>\n<p>Auteur: Le Pays<br \/>\n<a href=\"http:\/\/lepays.bf\/reforme-du-franc-cfa\/\">Cliquez ici pour lire l&rsquo;article depuis sa source.<\/a><\/p>\n","protected":false},"excerpt":{"rendered":"<p>Fini le Franc CFA\u00a0! Bienvenue \u00e0 l\u2019ECO en 2020\u00a0! C\u2019est la grande d\u00e9cision de r\u00e9forme du Franc CFA en Afrique de l\u2019Ouest, rendue publique le week-end dernier, au lendemain du sommet de la Communaut\u00e9 \u00e9conomique des Etats de l\u2019Afrique de l\u2019Ouest (CEDEAO) et dont l\u2019annonce avait au pr\u00e9alable \u00e9t\u00e9 faite par le pr\u00e9sident fran\u00e7ais, Emmanuel [&hellip;]<\/p>\n","protected":false},"author":1813,"featured_media":0,"comment_status":"closed","ping_status":"closed","sticky":false,"template":"","format":"standard","meta":{"fifu_image_url":"","fifu_image_alt":"","footnotes":""},"categories":[73,81],"tags":[],"class_list":["post-71080","post","type-post","status-publish","format-standard","hentry","category-actualite","category-burkina-faso"],"_links":{"self":[{"href":"https:\/\/linitiative.ca\/International\/wp-json\/wp\/v2\/posts\/71080","targetHints":{"allow":["GET"]}}],"collection":[{"href":"https:\/\/linitiative.ca\/International\/wp-json\/wp\/v2\/posts"}],"about":[{"href":"https:\/\/linitiative.ca\/International\/wp-json\/wp\/v2\/types\/post"}],"author":[{"embeddable":true,"href":"https:\/\/linitiative.ca\/International\/wp-json\/wp\/v2\/users\/1813"}],"replies":[{"embeddable":true,"href":"https:\/\/linitiative.ca\/International\/wp-json\/wp\/v2\/comments?post=71080"}],"version-history":[{"count":0,"href":"https:\/\/linitiative.ca\/International\/wp-json\/wp\/v2\/posts\/71080\/revisions"}],"wp:attachment":[{"href":"https:\/\/linitiative.ca\/International\/wp-json\/wp\/v2\/media?parent=71080"}],"wp:term":[{"taxonomy":"category","embeddable":true,"href":"https:\/\/linitiative.ca\/International\/wp-json\/wp\/v2\/categories?post=71080"},{"taxonomy":"post_tag","embeddable":true,"href":"https:\/\/linitiative.ca\/International\/wp-json\/wp\/v2\/tags?post=71080"}],"curies":[{"name":"wp","href":"https:\/\/api.w.org\/{rel}","templated":true}]}}