{"id":71081,"date":"2019-12-23T15:18:59","date_gmt":"2019-12-23T20:18:59","guid":{"rendered":"https:\/\/linitiative.ca\/International\/mandat-darret-contre-guillaume-soro\/"},"modified":"2019-12-23T15:18:59","modified_gmt":"2019-12-23T20:18:59","slug":"mandat-darret-contre-guillaume-soro","status":"publish","type":"post","link":"https:\/\/linitiative.ca\/International\/mandat-darret-contre-guillaume-soro\/","title":{"rendered":"MANDAT D\u2019ARRET CONTRE GUILLAUME SORO"},"content":{"rendered":"<div class=\"stream-item stream-item-above-post-content\">\n<p><noscript><\/p>\n<p><a href=\"\/\/www3.smartadserver.com\/ac?jump=1&#038;nwid=2136&#038;siteid=240610&#038;pgname=rg&#038;fmtid=49046&#038;visit=m&#038;tmstp=[timestamp]&#038;out=nonrich\" target=\"_blank\" rel=\"noopener noreferrer\"><img decoding=\"async\" src=\"\/\/www3.smartadserver.com\/ac?out=nonrich&#038;nwid=2136&#038;siteid=240610&#038;pgname=rg&#038;fmtid=49046&#038;visit=m&#038;tmstp=[timestamp]\" border=\"0\" alt=\"\"\/><\/a><\/p>\n<p><\/noscript><\/div>\n<p class=\"c3\">La descente aux enfers commence pour l\u2019ex-pr\u00e9sident de l\u2019Assembl\u00e9e nationale, Guillaume Soro. C\u2019est le moins que l\u2019on puisse dire avec le mandat d\u2019arr\u00eat contre lui d\u00e9livr\u00e9 par les autorit\u00e9s ivoiriennes. Ces derni\u00e8res l\u2019accusant de <em>\u00ab\u00a0tentative de d\u00e9stabilisation et d\u00e9tournement de deniers publics\u00a0\u00bb.<\/em> Ce mandat d\u2019arr\u00eat, faut-il le rappeler, a \u00e9t\u00e9 rendu public alors que Guillaume Soro, apr\u00e8s un long p\u00e9riple en Europe, tentait de rentrer au bercail. Cons\u00e9quence, ses proches estimant que les conditions de s\u00e9curit\u00e9 n\u2019\u00e9taient pas r\u00e9unies, ont d\u00e9rout\u00e9 l\u2019appareil de leur mentor qui s\u2019est finalement pos\u00e9 \u00e0 Accra, au Ghana. C\u2019est dire si le divorce est d\u00e9sormais consomm\u00e9 entre Guillaume Soro et le pr\u00e9sident Alassane Dramane Ouattara (ADO). Cela n\u2019a rien de surprenant. On voyait venir les choses. Car, depuis que le natif de Ferkess\u00e9dougou est, pour ainsi dire, entr\u00e9 en r\u00e9bellion contre ADO, pour s\u2019\u00eatre oppos\u00e9 au RHDP, le torchon br\u00fble entre les deux hommes. Si fait que, par moments, ils ne manquent pas de s\u2019envoyer des piques. Mais avec ce mandat d\u2019arr\u00eat qui vient d\u2019\u00eatre lanc\u00e9, c\u2019est un autre pas qui vient ainsi d\u2019\u00eatre franchi. Car, tout porte \u00e0 croire que les autorit\u00e9s ivoiriennes veulent \u00e0 tout prix emp\u00eacher l\u2019ex-chef rebelle de se pr\u00e9senter \u00e0 la prochaine pr\u00e9sidentielle \u00e0 laquelle il s\u2019est d\u00e9j\u00e0 d\u00e9clar\u00e9 candidat. C\u2019est, du moins, le sc\u00e9nario qui se dessine.<\/p>\n<p><strong>S\u2019il y a quelqu\u2019un qui peut\u00a0 boire son petit lait, c\u2019est Laurent Gbagbo<\/strong><\/p>\n<p><strong>\u00a0<\/strong><\/p>\n<p class=\"c3\">Mais pour qui conna\u00eet la pugnacit\u00e9 et la t\u00e9nacit\u00e9 de Guillaume Soro, il y a lieu de craindre pour la C\u00f4te d\u2019Ivoire, tant ce jeune loup aux dents longues est capable de tout. Soro, faut-il le reconna\u00eetre, compte de nombreux soutiens qui sont loin d\u2019\u00eatre des enfants de ch\u0153ur. En tout cas, \u00e0 l\u2019allure o\u00f9 vont les choses, la C\u00f4te d\u2019Ivoire n\u2019est pas \u00e0 l\u2019abri d\u2019une nouvelle r\u00e9bellion. Cela est d\u2019autant vrai que selon un rapport onusien publi\u00e9 en 2016, l\u2019ex-chef rebelle disposait de pr\u00e8s de 300 tonnes d\u2019armes. La preuve, une importante cache d\u2019armes\u00a0 a \u00e9t\u00e9 d\u00e9couverte au domicile d\u2019un des proches de Soro, qui n\u2019est autre que son directeur de protocole lorsqu\u2019il \u00e9tait au perchoir. Qui sait\u00a0 s\u2019il n\u2019existe pas d\u2019autres caches d\u2019armes, surtout dans le septentrion ivoirien d\u2019o\u00f9 il est originaire ?\u00a0 Cela dit, s\u2019il y a quelqu\u2019un qui, actuellement, peut\u00a0 boire son petit lait en voyant ADO et Soro dress\u00e9s l\u2019un contre l\u2019autre, c\u2019est bien Laurent Gbagbo contre qui les deux hommes s\u2019\u00e9taient coalis\u00e9s pendant la crise post-\u00e9lectorale de 2010-2011. Comme quoi, en politique, les alli\u00e9s d\u2019hier peuvent subitement devenir les ennemis d\u2019aujourd\u2019hui et vice-versa. Car, tout n\u2019est que question d\u2019int\u00e9r\u00eat.<\/p>\n<p><strong>B.O<\/strong><\/p>\n<p>Auteur: Le Pays<br \/>\n<a href=\"http:\/\/lepays.bf\/mandat-darret-contre-guillaume-soro\/\">Cliquez ici pour lire l&rsquo;article depuis sa source.<\/a><\/p>\n","protected":false},"excerpt":{"rendered":"<p>La descente aux enfers commence pour l\u2019ex-pr\u00e9sident de l\u2019Assembl\u00e9e nationale, Guillaume Soro. C\u2019est le moins que l\u2019on puisse dire avec le mandat d\u2019arr\u00eat contre lui d\u00e9livr\u00e9 par les autorit\u00e9s ivoiriennes. Ces derni\u00e8res l\u2019accusant de \u00ab\u00a0tentative de d\u00e9stabilisation et d\u00e9tournement de deniers publics\u00a0\u00bb. Ce mandat d\u2019arr\u00eat, faut-il le rappeler, a \u00e9t\u00e9 rendu public alors que Guillaume [&hellip;]<\/p>\n","protected":false},"author":1813,"featured_media":0,"comment_status":"closed","ping_status":"closed","sticky":false,"template":"","format":"standard","meta":{"fifu_image_url":"","fifu_image_alt":"","footnotes":""},"categories":[73,81],"tags":[],"class_list":["post-71081","post","type-post","status-publish","format-standard","hentry","category-actualite","category-burkina-faso"],"_links":{"self":[{"href":"https:\/\/linitiative.ca\/International\/wp-json\/wp\/v2\/posts\/71081","targetHints":{"allow":["GET"]}}],"collection":[{"href":"https:\/\/linitiative.ca\/International\/wp-json\/wp\/v2\/posts"}],"about":[{"href":"https:\/\/linitiative.ca\/International\/wp-json\/wp\/v2\/types\/post"}],"author":[{"embeddable":true,"href":"https:\/\/linitiative.ca\/International\/wp-json\/wp\/v2\/users\/1813"}],"replies":[{"embeddable":true,"href":"https:\/\/linitiative.ca\/International\/wp-json\/wp\/v2\/comments?post=71081"}],"version-history":[{"count":0,"href":"https:\/\/linitiative.ca\/International\/wp-json\/wp\/v2\/posts\/71081\/revisions"}],"wp:attachment":[{"href":"https:\/\/linitiative.ca\/International\/wp-json\/wp\/v2\/media?parent=71081"}],"wp:term":[{"taxonomy":"category","embeddable":true,"href":"https:\/\/linitiative.ca\/International\/wp-json\/wp\/v2\/categories?post=71081"},{"taxonomy":"post_tag","embeddable":true,"href":"https:\/\/linitiative.ca\/International\/wp-json\/wp\/v2\/tags?post=71081"}],"curies":[{"name":"wp","href":"https:\/\/api.w.org\/{rel}","templated":true}]}}