{"id":71082,"date":"2019-12-23T15:22:22","date_gmt":"2019-12-23T20:22:22","guid":{"rendered":"https:\/\/linitiative.ca\/International\/deces-de-gaid-salah\/"},"modified":"2019-12-23T15:22:22","modified_gmt":"2019-12-23T20:22:22","slug":"deces-de-gaid-salah","status":"publish","type":"post","link":"https:\/\/linitiative.ca\/International\/deces-de-gaid-salah\/","title":{"rendered":"DECES DE GAID SALAH"},"content":{"rendered":"<div class=\"stream-item stream-item-above-post-content\">\n<p><noscript><\/p>\n<p><a href=\"\/\/www3.smartadserver.com\/ac?jump=1&#038;nwid=2136&#038;siteid=240610&#038;pgname=rg&#038;fmtid=49046&#038;visit=m&#038;tmstp=[timestamp]&#038;out=nonrich\" target=\"_blank\" rel=\"noopener noreferrer\"><img decoding=\"async\" src=\"\/\/www3.smartadserver.com\/ac?out=nonrich&#038;nwid=2136&#038;siteid=240610&#038;pgname=rg&#038;fmtid=49046&#038;visit=m&#038;tmstp=[timestamp]\" border=\"0\" alt=\"\"\/><\/a><\/p>\n<p><\/noscript><\/div>\n<p class=\"c3\">M\u00eame mort, il doit \u00eatre l\u2019homme le plus heureux. Car, tout ou presque a \u00e9t\u00e9 accompli pour le g\u00e9n\u00e9ral alg\u00e9rien, Ahmed Ga\u00efd Salah. Non seulement il a r\u00e9ussi, envers et contre tous, \u00e0 organiser une \u00e9lection pr\u00e9sidentielle dans un contexte sociopolitique tr\u00e8s tendu, mais il a aussi r\u00e9ussi \u00e0 imposer son homme-lige \u00e0 la t\u00eate de l\u2019Etat alg\u00e9rien, en la personne d\u2019Abdelmadjid Tebboune dont l\u2019investiture est intervenue quatre jours avant sa mort. Le d\u00e9sormais ex-chef d\u2019Etat-major du pr\u00e9sident d\u00e9chu, Abdelaziz Bouteflika, faut-il le rappeler, \u00e9tait connu pour \u00eatre un homme au caract\u00e8re bien tremp\u00e9. Tr\u00e8s susceptible, il ne supportait pas la contradiction si bien qu\u2019il \u00e9tait tr\u00e8s craint de son entourage. C\u2019est d\u2019ailleurs lui qui avait pes\u00e9 de tout son poids pour que, m\u00eame grabataire, Bouteflika brigue un quatri\u00e8me mandat. Mieux, il s\u2019\u00e9tait prononc\u00e9 en faveur d\u2019un cinqui\u00e8me mandat de son ex-mentor, avant de se raviser plus tard face \u00e0 la contestation qui prenait de l\u2019ampleur. C\u2019est dire si c\u2019est un homme bien connu du s\u00e9rail alg\u00e9rien en raison du r\u00f4le de premier plan qu\u2019il jouait, qui vient ainsi de tirer sa r\u00e9v\u00e9rence \u00e0 l\u2019\u00e2ge de 79 ans. Tout est parti, dit-on, d\u2019un malaise cardiaque. Conduit d\u2019urgence \u00e0 l\u2019h\u00f4pital militaire de A\u00efn Naadja, le natif de A\u00efn Yagont n\u2019a pas surv\u00e9cu. Il a rendu l\u2019\u00e2me, hier, 23 d\u00e9cembre 2019, laissant derri\u00e8re lui un pays profond\u00e9ment d\u00e9chir\u00e9.<\/p>\n<p><strong>\u00a0<\/strong><\/p>\n<p><strong>C\u2019est une page de l\u2019histoire alg\u00e9rienne qui se tourne<\/strong><\/p>\n<p><strong>\u00a0<\/strong><\/p>\n<p class=\"c3\">Alors, quelles peuvent en \u00eatre les cons\u00e9quences\u00a0? La contestation va-t-elle finalement retomber\u00a0? Le pr\u00e9sident Tebboune, \u00e9lu dans les conditions que l\u2019on sait, pourra-t-il gouverner en l\u2019absence de ce g\u00e9n\u00e9ral de poigne dont on dit qu\u2019il \u00e9tait parfois capable de <em>\u00ab\u00a0col\u00e8res hom\u00e9riques\u00a0\u00bb<\/em> pour mettre tout le monde au pas\u00a0? Autant de questions que l\u2019on peut se poser mais auxquelles il est encore difficile d\u2019apporter des \u00e9l\u00e9ments de r\u00e9ponses. En tout cas, une chose est certaine\u00a0: avec le d\u00e9c\u00e8s de Ga\u00efd Salah, c\u2019est une page de l\u2019histoire alg\u00e9rienne qui se tourne. Reste maintenant \u00e0 savoir si le g\u00e9n\u00e9ral major Sa\u00efd Chengriha, par ailleurs commandant des forces terrestres, qui a \u00e9t\u00e9 d\u00e9sign\u00e9 pour diriger l\u2019Int\u00e9rieur, aura le courage et le charisme dont faisait montre son pr\u00e9d\u00e9cesseur qui ne reculait\u00a0 devant rien pour r\u00e9genter l\u2019Alg\u00e9rie. Et ce n\u2019est pas le <em>Hirak<\/em> qui dira le contraire\u00a0; lui qui n\u2019a eu de cesse de ruer dans les brancards sans avoir r\u00e9ussi \u00e0 faire plier le d\u00e9funt g\u00e9n\u00e9ral. Il en est de m\u00eame des caciques de l\u2019ancien r\u00e9gime contre lesquels il a engag\u00e9 une guerre sans merci pour faits de corruption et d\u2019abus de pouvoir si fait qu\u2019\u00e0 ce jour,\u00a0 ils sont nombreux qui croupissent en prison. Cela dit, s\u2019il y a des gens qui ne manqueront pas de manifester <em>in petto<\/em> un soulagement apr\u00e8s la disparition subite de Ga\u00efd Salah, c\u2019est bien Boutef et son fr\u00e8re qui voyaient d\u00e9sormais en l\u2019homme, un tra\u00eetre.<\/p>\n<p><strong>B.O<\/strong><\/p>\n<p>Auteur: Le Pays<br \/>\n<a href=\"http:\/\/lepays.bf\/deces-de-gaid-salah\/\">Cliquez ici pour lire l&rsquo;article depuis sa source.<\/a><\/p>\n","protected":false},"excerpt":{"rendered":"<p>M\u00eame mort, il doit \u00eatre l\u2019homme le plus heureux. Car, tout ou presque a \u00e9t\u00e9 accompli pour le g\u00e9n\u00e9ral alg\u00e9rien, Ahmed Ga\u00efd Salah. Non seulement il a r\u00e9ussi, envers et contre tous, \u00e0 organiser une \u00e9lection pr\u00e9sidentielle dans un contexte sociopolitique tr\u00e8s tendu, mais il a aussi r\u00e9ussi \u00e0 imposer son homme-lige \u00e0 la t\u00eate [&hellip;]<\/p>\n","protected":false},"author":1813,"featured_media":0,"comment_status":"closed","ping_status":"closed","sticky":false,"template":"","format":"standard","meta":{"fifu_image_url":"","fifu_image_alt":"","footnotes":""},"categories":[73,81],"tags":[],"class_list":["post-71082","post","type-post","status-publish","format-standard","hentry","category-actualite","category-burkina-faso"],"_links":{"self":[{"href":"https:\/\/linitiative.ca\/International\/wp-json\/wp\/v2\/posts\/71082","targetHints":{"allow":["GET"]}}],"collection":[{"href":"https:\/\/linitiative.ca\/International\/wp-json\/wp\/v2\/posts"}],"about":[{"href":"https:\/\/linitiative.ca\/International\/wp-json\/wp\/v2\/types\/post"}],"author":[{"embeddable":true,"href":"https:\/\/linitiative.ca\/International\/wp-json\/wp\/v2\/users\/1813"}],"replies":[{"embeddable":true,"href":"https:\/\/linitiative.ca\/International\/wp-json\/wp\/v2\/comments?post=71082"}],"version-history":[{"count":0,"href":"https:\/\/linitiative.ca\/International\/wp-json\/wp\/v2\/posts\/71082\/revisions"}],"wp:attachment":[{"href":"https:\/\/linitiative.ca\/International\/wp-json\/wp\/v2\/media?parent=71082"}],"wp:term":[{"taxonomy":"category","embeddable":true,"href":"https:\/\/linitiative.ca\/International\/wp-json\/wp\/v2\/categories?post=71082"},{"taxonomy":"post_tag","embeddable":true,"href":"https:\/\/linitiative.ca\/International\/wp-json\/wp\/v2\/tags?post=71082"}],"curies":[{"name":"wp","href":"https:\/\/api.w.org\/{rel}","templated":true}]}}