{"id":71084,"date":"2019-12-23T17:35:35","date_gmt":"2019-12-23T22:35:35","guid":{"rendered":"https:\/\/linitiative.ca\/International\/cote-divoire-un-mandat-darret-emis-contre-guillaume-soro\/"},"modified":"2019-12-23T17:35:35","modified_gmt":"2019-12-23T22:35:35","slug":"cote-divoire-un-mandat-darret-emis-contre-guillaume-soro","status":"publish","type":"post","link":"https:\/\/linitiative.ca\/International\/cote-divoire-un-mandat-darret-emis-contre-guillaume-soro\/","title":{"rendered":"C\u00f4te d\u2019Ivoire : Un mandat d\u2019arr\u00eat \u00e9mis contre Guillaume Soro"},"content":{"rendered":"<div class=\"td-post-featured-image\" readability=\"33\"><a href=\"https:\/\/i0.wp.com\/www.sidwaya.info\/wp-content\/uploads\/2019\/12\/soro.gif?fit=700%2C451&#038;ssl=1\" data-caption=\"L\u2019avenir semble s\u2019assombrir pour l\u2019ex-Premier ministre ivoirien, Guillaume Soro.\"><img loading=\"lazy\" decoding=\"async\" width=\"696\" height=\"448\" class=\"entry-thumb td-modal-image\" src=\"https:\/\/i0.wp.com\/www.sidwaya.info\/wp-content\/uploads\/2019\/12\/soro.gif?resize=696%2C448&#038;ssl=1\" alt=\"\" title=\"soro\"\/><\/a>L\u2019avenir semble s\u2019assombrir pour l\u2019ex-Premier ministre ivoirien, Guillaume Soro.<\/div>\n<p><strong>La C\u00f4te d\u2019Ivoire a \u00e9mis un mandat d\u2019arr\u00eat contre Guillaume Soro, l\u2019ancien pr\u00e9sident de l\u2019Assembl\u00e9e nationale et candidat d\u00e9clar\u00e9 \u00e0 l\u2019\u00e9lection pr\u00e9sidentielle de l\u2019ann\u00e9e prochaine, selon plusieurs m\u00e9dias.<\/strong><\/p>\n<p>Selon la radio internationale britannique BBC, plusieurs sources gouvernementales ont indiqu\u00e9 qu\u2019un mandat d\u2019arr\u00eat a \u00e9t\u00e9 \u00e9mis contre Guillaume Soro, l\u2019ancien pr\u00e9sident de l\u2019Assembl\u00e9e nationale ivoirienne par son pays. \u00ab\u00a0Les autorit\u00e9s ivoiriennes ont \u00e9mis un mandat d\u2019arr\u00eat contre Guillaume Soro pour tentative de d\u00e9stabilisation et de d\u00e9tournement de deniers publics. L\u2019ancien pr\u00e9sident de l\u2019Assembl\u00e9e nationale, qui devait regagner Abidjan ce lundi apr\u00e8s-midi, a finalement d\u00fb atterrir \u00e0 Accra, au Ghana\u00bb, a ajout\u00e9 Jeune Afrique. Pourtant au m\u00eame moment, un porte-parole de la police a d\u00e9clar\u00e9 \u00e0 BBC qu\u2019il n\u2019\u00e9tait pas au courant du mandat.<\/p>\n<div class=\"td-a-rec td-a-rec-id-content_inline tdi_30_004 td_block_template_1\"><a href=\"https:\/\/www.sidwaya.info\/wp-content\/uploads\/2019\/12\/Bandeau-11-De%CC%81cembre-3.jpg\"><img loading=\"lazy\" decoding=\"async\" src=\"https:\/\/www.sidwaya.info\/wp-content\/uploads\/2019\/12\/Bandeau-11-De%CC%81cembre-3.jpg\" alt=\"\" width=\"720\" height=\"90\" class=\"aligncenter size-full wp-image-17180\"\/><\/a><\/div>\n<p>Le d\u00e9put\u00e9 de Ferkess\u00e9dougou et pr\u00e9sident du mouvement politique G\u00e9n\u00e9rations et peuples solidaires (GPS) avait, \u00e0 bord d\u2019un avion priv\u00e9, d\u00e9coll\u00e9 de Paris pour Abidjan o\u00f9 plusieurs de ses partisans entendaient lui r\u00e9server un accueil chaleureux. Sauf que depuis hier matin, \u00e0 la suite d\u2019un appel du minist\u00e8re de l\u2019Administration du territoire et de la D\u00e9centralisation \u00e0 tous les maires d\u2019interdire toutes manifestations politiques d\u2019envergure jusqu\u2019\u00e0 d\u00e9but 2020. Un dispositif de s\u00e9curit\u00e9 a emp\u00each\u00e9 les partisans de Soro de rallier l\u2019a\u00e9roport international F\u00e9lix-Houphou\u00ebt-Boigny.<\/p>\n<p>Guillaume Soro aurait finalement d\u00e9tourn\u00e9 son vol vers le Ghana voisin \u00ab\u00a0pour des raisons de s\u00e9curit\u00e9\u00a0\u00bb, a d\u00e9clar\u00e9 son conseiller, Alain Lobognon \u00e0 Reuters, craignant d\u2019\u00eatre arr\u00eat\u00e9.<br \/>En tout \u00e9tat de cause, le candidat d\u00e9clar\u00e9 \u00e0 l\u2019\u00e9lection pr\u00e9sidentielle de 2020 n\u2019aura pas regagn\u00e9 la m\u00e8re-patrie o\u00f9 il entend solliciter une audience avec le pr\u00e9sident de la R\u00e9publique, Alassane Ouattara, dans le cadre de son engagement dans le processus de r\u00e9conciliation nationale.<\/p>\n<p>Ag\u00e9 de 47 ans, M. Soro, qui a annonc\u00e9 depuis l\u2019Europe sa candidature \u00e0 la pr\u00e9sidentielle de 2020, devrait lancer sa campagne en C\u00f4te d\u2019Ivoire. Ancien Premier ministre (2007-2012) et ex-pr\u00e9sident de l\u2019Assembl\u00e9e nationale (2012-2019), il a rompu les ponts en d\u00e9but d\u2019ann\u00e9e avec le pr\u00e9sident Alassane Ouattara et la coalition au pouvoir, le Rassemblement des Houphou\u00e9tistes pour la d\u00e9mocratie et la paix (RHDP). Le pr\u00e9sident Ouattara, 77 ans, a plusieurs fois d\u00e9clar\u00e9 qu\u2019une nouvelle g\u00e9n\u00e9ration politique devait assumer le pouvoir en C\u00f4te d\u2019Ivoire, mais il n\u2019a pas exclu de se repr\u00e9senter lui-m\u00eame en 2020, pour un troisi\u00e8me mandat, si ses rivaux historiques, les ex-pr\u00e9sidents Henri Konan B\u00e9di\u00e9, 85 ans, et Laurent Gbagbo, 74 ans, se repr\u00e9sentent.<\/p>\n<p class=\"c1\"><strong>Synth\u00e8se de Jean-Marie TOE<\/strong><\/p>\n<div class=\"td-a-rec td-a-rec-id-content_bottom tdi_31_5b1 td_block_template_1\"><img loading=\"lazy\" decoding=\"async\" class=\"aligncenter size-full wp-image-9623\" src=\"https:\/\/www.sidwaya.info\/wp-content\/uploads\/2019\/06\/Projet-bannie%CC%80re-Orange-mobile.jpg\" alt=\"\" width=\"728\" height=\"81\"\/><\/div>\n<p>Auteur: JK. Sidwaya<br \/>\n<a href=\"https:\/\/www.sidwaya.info\/blog\/2019\/12\/23\/cote-divoire-un-mandat-darret-emis-contre-guillaume-soro\/\">Cliquez ici pour lire l&rsquo;article depuis sa source.<\/a><\/p>\n","protected":false},"excerpt":{"rendered":"<p>L\u2019avenir semble s\u2019assombrir pour l\u2019ex-Premier ministre ivoirien, Guillaume Soro. La C\u00f4te d\u2019Ivoire a \u00e9mis un mandat d\u2019arr\u00eat contre Guillaume Soro, l\u2019ancien pr\u00e9sident de l\u2019Assembl\u00e9e nationale et candidat d\u00e9clar\u00e9 \u00e0 l\u2019\u00e9lection pr\u00e9sidentielle de l\u2019ann\u00e9e prochaine, selon plusieurs m\u00e9dias. Selon la radio internationale britannique BBC, plusieurs sources gouvernementales ont indiqu\u00e9 qu\u2019un mandat d\u2019arr\u00eat a \u00e9t\u00e9 \u00e9mis contre [&hellip;]<\/p>\n","protected":false},"author":1816,"featured_media":0,"comment_status":"closed","ping_status":"closed","sticky":false,"template":"","format":"standard","meta":{"fifu_image_url":"","fifu_image_alt":"","footnotes":""},"categories":[73,81],"tags":[],"class_list":["post-71084","post","type-post","status-publish","format-standard","hentry","category-actualite","category-burkina-faso"],"_links":{"self":[{"href":"https:\/\/linitiative.ca\/International\/wp-json\/wp\/v2\/posts\/71084","targetHints":{"allow":["GET"]}}],"collection":[{"href":"https:\/\/linitiative.ca\/International\/wp-json\/wp\/v2\/posts"}],"about":[{"href":"https:\/\/linitiative.ca\/International\/wp-json\/wp\/v2\/types\/post"}],"author":[{"embeddable":true,"href":"https:\/\/linitiative.ca\/International\/wp-json\/wp\/v2\/users\/1816"}],"replies":[{"embeddable":true,"href":"https:\/\/linitiative.ca\/International\/wp-json\/wp\/v2\/comments?post=71084"}],"version-history":[{"count":0,"href":"https:\/\/linitiative.ca\/International\/wp-json\/wp\/v2\/posts\/71084\/revisions"}],"wp:attachment":[{"href":"https:\/\/linitiative.ca\/International\/wp-json\/wp\/v2\/media?parent=71084"}],"wp:term":[{"taxonomy":"category","embeddable":true,"href":"https:\/\/linitiative.ca\/International\/wp-json\/wp\/v2\/categories?post=71084"},{"taxonomy":"post_tag","embeddable":true,"href":"https:\/\/linitiative.ca\/International\/wp-json\/wp\/v2\/tags?post=71084"}],"curies":[{"name":"wp","href":"https:\/\/api.w.org\/{rel}","templated":true}]}}