{"id":71085,"date":"2019-12-23T14:50:03","date_gmt":"2019-12-23T19:50:03","guid":{"rendered":"https:\/\/linitiative.ca\/International\/lopposition-guineenne-veut-boycotter-et-empecher-les-legislatives-de-fevrier\/"},"modified":"2019-12-23T14:50:03","modified_gmt":"2019-12-23T19:50:03","slug":"lopposition-guineenne-veut-boycotter-et-empecher-les-legislatives-de-fevrier","status":"publish","type":"post","link":"https:\/\/linitiative.ca\/International\/lopposition-guineenne-veut-boycotter-et-empecher-les-legislatives-de-fevrier\/","title":{"rendered":"L\u2019opposition guin\u00e9enne veut boycotter et emp\u00eacher les l\u00e9gislatives de f\u00e9vrier"},"content":{"rendered":"<div readability=\"32\">\n<p>Publi\u00e9 le 23.12.2019 \u00e0 20h50 par AFP<\/p>\n<\/div>\n<div readability=\"139\">\n<p>L\u2019opposition guin\u00e9enne a durci le ton lundi en annon\u00e7ant qu\u2019elle boycottera les l\u00e9gislatives du 16 f\u00e9vrier, et m\u00eame qu\u2019elle \u00ab\u00a0emp\u00eachera\u00a0\u00bb leur tenue, dans un pays en proie \u00e0 des violences meurtri\u00e8res en raison de l\u2019intention pr\u00eat\u00e9e au chef de l\u2019Etat Alpha Cond\u00e9 de briguer un troisi\u00e8me mandat en 2020.<\/p>\n<p>\u00ab\u00a0Nous avons d\u00e9cid\u00e9 que nous ne pouvons pas participer. Il ne s\u2019agit pas de boycotter et de rester les bras crois\u00e9s. Nous allons emp\u00eacher que ces \u00e9lections aient lieu\u00a0\u00bb, a lanc\u00e9 devant la presse le chef de file de l\u2019opposition, Cellou Dalein Diallo, \u00e0 l\u2019issue d\u2019une r\u00e9union des dirigeants d\u2019une vingtaine de partis.<\/p>\n<p>D\u00e9non\u00e7ant une \u00ab\u00a0mascarade \u00e9lectorale\u00a0\u00bb, M. Diallo a justifi\u00e9 cette d\u00e9cision par des divergences avec le pouvoir, notamment sur la r\u00e9vision du fichier \u00e9lectoral. \u00ab\u00a0Il y a eu un enr\u00f4lement massif des mineurs\u00a0\u00bb, tandis que \u00ab\u00a0des gens qui en ont le droit n\u2019ont pas \u00e9t\u00e9 autoris\u00e9s \u00e0 s\u2019enr\u00f4ler\u00a0\u00bb, a-t-il affirm\u00e9. \u00ab\u00a0Nous ne pouvons pas accepter qu\u2019une \u00e9lection bas\u00e9e sur ce fichier soit organis\u00e9e\u00a0\u00bb.<\/p>\n<p>L\u2019opposition juge que ces l\u00e9gislatives, report\u00e9es \u00e0 plusieurs reprises, serviraient, si elles sont organis\u00e9es dans ces conditions, le projet attribu\u00e9 au pr\u00e9sident Cond\u00e9 de briguer fin 2020 sa propre succession.<\/p>\n<p>Alpha Cond\u00e9, \u00e9lu en 2010 et r\u00e9\u00e9lu en 2015, a confirm\u00e9 la semaine derni\u00e8re ce que tout le monde attendait depuis des mois. Il compte soumettre aux Guin\u00e9ens un projet de nouvelle Constitution, a priori par r\u00e9f\u00e9rendum, \u00e0 une date qu\u2019il n\u2019a pas pr\u00e9cis\u00e9e.<\/p>\n<p>\u2013 \u2018Coup d\u2019Etat constitutionnel\u2019 \u2013<\/p>\n<p>Cette \u00e9ventualit\u00e9 fait pourtant descendre les Guin\u00e9ens par dizaines ou centaines de milliers dans la rue quasiment toutes les semaines depuis deux mois.<\/p>\n<p>Une nouvelle grande manifestation est pr\u00e9vue jeudi, \u00e0 l\u2019appel du Front national de d\u00e9fense de la Constitution (FNDC), le collectif qui orchestre depuis mi-octobre la mobilisation.<\/p>\n<p>Pour l\u2019opposition, qui crie au \u00ab\u00a0coup d\u2019Etat constitutionnel\u00a0\u00bb, il ne fait aucun doute qu\u2019\u00e0 81 ans, M. Cond\u00e9, \u00e0 l\u2019exemple d\u2019autres leaders africains, cherche \u00e0 cr\u00e9er les conditions pour se repr\u00e9senter \u00e0 l\u2019expiration de son mandat \u00e0 la t\u00eate de ce petit pays de 13 millions d\u2019habitants, pauvre malgr\u00e9 d\u2019importantes ressources mini\u00e8res.<\/p>\n<p>\u00ab\u00a0Nous avons pris une importante d\u00e9cision aujourd\u2019hui qui va consister \u00e0 ne plus (entrer en comp\u00e9tition) avec (le pr\u00e9sident) Alpha Cond\u00e9 tant que les conditions d\u2019une \u00e9lection libre et transparente ne sont pas r\u00e9unies\u00a0\u00bb, a expliqu\u00e9 lundi \u00e0 l\u2019AFP un responsable de l\u2019opposition, Etienne Soropogui.<\/p>\n<p>La contestation, durement r\u00e9prim\u00e9e \u00e0 plusieurs reprises, a caus\u00e9 la mort d\u2019au moins vingt civils et un gendarme. Des centaines de personnes ont \u00e9t\u00e9 arr\u00eat\u00e9es. Les d\u00e9fenseurs des droits de l\u2019homme d\u00e9noncent l\u2019usage excessif de la force, des arrestations arbitraires et l\u2019impunit\u00e9 des forces de s\u00e9curit\u00e9.<\/p>\n<p>\u2013 Compteurs \u00e0 z\u00e9ro? \u2013<\/p>\n<p>Le projet de Constitution \u00ab\u00a0fera l\u2019objet d\u2019une large vulgarisation avant son adoption par le peuple souverain\u00a0\u00bb, a assur\u00e9 le pr\u00e9sident guin\u00e9en la semaine derni\u00e8re.<\/p>\n<p>L\u2019article 40 du texte stipule que \u00ab\u00a0le Pr\u00e9sident de la R\u00e9publique est \u00e9lu au suffrage universel direct pour un mandat de six ans, renouvelable une fois\u00a0\u00bb. Le mandat pr\u00e9sidentiel est actuellement de cinq ans, renouvelable une fois \u00e9galement.<\/p>\n<p>Seulement, dit l\u2019opposition, cette nouvelle Constitution ne contrarierait pas les desseins de M. Cond\u00e9. Au contraire, elle remettrait les compteurs \u00e0 z\u00e9ro, lui permettant de se repr\u00e9senter.<\/p>\n<p>Opposant historique qui connut l\u2019exil et la prison, M. Cond\u00e9 a \u00e9t\u00e9 le premier pr\u00e9sident de la Guin\u00e9e d\u00e9mocratiquement \u00e9lu. Son av\u00e8nement a marqu\u00e9 l\u2019instauration d\u2019un gouvernement civil apr\u00e8s des d\u00e9cennies de r\u00e9gimes autoritaires et militaires.<\/p>\n<p>Mais apr\u00e8s une \u00e9volution encourageante, les d\u00e9fenseurs des droits rapportent une r\u00e9gression ces derniers mois. L\u2019opposition d\u00e9nonce une d\u00e9rive \u00ab\u00a0dictatoriale\u00a0\u00bb de M. Cond\u00e9.<\/p>\n<p>Les organisations africaines et la communaut\u00e9 internationale redoutent l\u2019escalade dans un pays \u00e0 l\u2019histoire tourment\u00e9e, coutumier des manifestations et des r\u00e9pressions brutales. Les pressions internationales ont sembl\u00e9 ne pas avoir de prise sur M. Cond\u00e9.<\/p>\n<\/div>\n<p>Auteur: AFP<br \/>\n<a href=\"https:\/\/www.journalducameroun.com\/lopposition-guineenne-veut-boycotter-et-empecher-les-legislatives-de-fevrier\/\">Cliquez ici pour lire l&rsquo;article depuis sa source.<\/a><\/p>\n","protected":false},"excerpt":{"rendered":"<p>Publi\u00e9 le 23.12.2019 \u00e0 20h50 par AFP L\u2019opposition guin\u00e9enne a durci le ton lundi en annon\u00e7ant qu\u2019elle boycottera les l\u00e9gislatives du 16 f\u00e9vrier, et m\u00eame qu\u2019elle \u00ab\u00a0emp\u00eachera\u00a0\u00bb leur tenue, dans un pays en proie \u00e0 des violences meurtri\u00e8res en raison de l\u2019intention pr\u00eat\u00e9e au chef de l\u2019Etat Alpha Cond\u00e9 de briguer un troisi\u00e8me mandat en [&hellip;]<\/p>\n","protected":false},"author":1965,"featured_media":0,"comment_status":"closed","ping_status":"closed","sticky":false,"template":"","format":"standard","meta":{"fifu_image_url":"","fifu_image_alt":"","footnotes":""},"categories":[73,82],"tags":[],"class_list":["post-71085","post","type-post","status-publish","format-standard","hentry","category-actualite","category-cameroun"],"_links":{"self":[{"href":"https:\/\/linitiative.ca\/International\/wp-json\/wp\/v2\/posts\/71085","targetHints":{"allow":["GET"]}}],"collection":[{"href":"https:\/\/linitiative.ca\/International\/wp-json\/wp\/v2\/posts"}],"about":[{"href":"https:\/\/linitiative.ca\/International\/wp-json\/wp\/v2\/types\/post"}],"author":[{"embeddable":true,"href":"https:\/\/linitiative.ca\/International\/wp-json\/wp\/v2\/users\/1965"}],"replies":[{"embeddable":true,"href":"https:\/\/linitiative.ca\/International\/wp-json\/wp\/v2\/comments?post=71085"}],"version-history":[{"count":0,"href":"https:\/\/linitiative.ca\/International\/wp-json\/wp\/v2\/posts\/71085\/revisions"}],"wp:attachment":[{"href":"https:\/\/linitiative.ca\/International\/wp-json\/wp\/v2\/media?parent=71085"}],"wp:term":[{"taxonomy":"category","embeddable":true,"href":"https:\/\/linitiative.ca\/International\/wp-json\/wp\/v2\/categories?post=71085"},{"taxonomy":"post_tag","embeddable":true,"href":"https:\/\/linitiative.ca\/International\/wp-json\/wp\/v2\/tags?post=71085"}],"curies":[{"name":"wp","href":"https:\/\/api.w.org\/{rel}","templated":true}]}}