{"id":71086,"date":"2019-12-23T15:18:02","date_gmt":"2019-12-23T20:18:02","guid":{"rendered":"https:\/\/linitiative.ca\/International\/lavion-de-guillaume-soro-deroute-vers-accra-a-sa-demande-officiel\/"},"modified":"2019-12-23T15:18:02","modified_gmt":"2019-12-23T20:18:02","slug":"lavion-de-guillaume-soro-deroute-vers-accra-a-sa-demande-officiel","status":"publish","type":"post","link":"https:\/\/linitiative.ca\/International\/lavion-de-guillaume-soro-deroute-vers-accra-a-sa-demande-officiel\/","title":{"rendered":"L\u2019avion de Guillaume Soro \u00ab d\u00e9rout\u00e9 vers Accra \u00bb \u00e0 sa demande (Officiel)"},"content":{"rendered":"<div readability=\"32\">\n<p>Publi\u00e9 le 23.12.2019 \u00e0 21h18 par APA News<\/p>\n<\/div>\n<div readability=\"95\">\n<p>L\u2019ex-pr\u00e9sident de l\u2019Assembl\u00e9e nationale ivoirienne, Guillaume Soro, dont l\u2019avion le transportant en provenance de l\u2019a\u00e9roport de Paris-Le Bourget, a \u00e9t\u00e9 autoris\u00e9 \u00e0 atterrir \u00e0 Abidjan, mais a demand\u00e9 que le vol soit \u00ab d\u00e9rout\u00e9 vers Accra \u00bb, selon l\u2019Autorit\u00e9 nationale de l\u2019aviation civile de C\u00f4te d\u2019Ivoire (ANAC).\u00ab Au cours du vol qui a d\u00e9but\u00e9 ce lundi 23 d\u00e9cembre 2019 \u00e0 7h GMT (8h \u00e0 Paris), M. Soro a de son propre chef, par l\u2019interm\u00e9diaire de M. Amer Mouja, repr\u00e9sentant l\u2019Agence Trip Support Services, demand\u00e9 que l\u2019avion le transportant qui survolait le Burkina soit d\u00e9rout\u00e9 vers Accra \u00bb, indique l\u2019ANAC dans une note sign\u00e9e par son directeur g\u00e9n\u00e9ral, Sinaly Silu\u00e9.<\/p>\n<p>Selon l\u2019ANAC, organe de contr\u00f4le du transport a\u00e9rien en C\u00f4te d\u2019Ivoire, les autorit\u00e9s ivoiriennes ont \u00ab confirm\u00e9 \u00bb \u00e0 M. Soro l\u2019autorisation de se poser \u00e0 Abidjan, mais malgr\u00e9 ces assurances il a \u00ab d\u00e9rout\u00e9 le vol sur l\u2019a\u00e9roport d\u2019Accra o\u00f9 il s\u2019est pos\u00e9 \u00e0 14h16 mn \u00bb.<\/p>\n<p>\u00ab Les autorit\u00e9s ivoiriennes n\u2019ont en aucun cas emp\u00each\u00e9 l\u2019atterrissage du vol \u00e0 l\u2019a\u00e9roport d\u2019Abidjan \u00bb, insiste l\u2019ANAC, rappelant que \u00ab le 20 d\u00e9cembre 2019, conform\u00e9ment \u00e0 la r\u00e8glementation, l\u2019autorisation a \u00e9t\u00e9 accord\u00e9e par les autorit\u00e9s ivoiriennes \u00bb.<\/p>\n<p>La compagnie MHS Aviation Gmbh, a formul\u00e9 le 20 d\u00e9cembre 2019 une demande d\u2019atterrissage d\u2019un vol priv\u00e9 \u00e0 Abidjan le lundi 23 d\u00e9cembre 2019, transportant M. Guillaume Soro, ancien pr\u00e9sident de l\u2019Assembl\u00e9e nationale de C\u00f4te d\u2019Ivoire. \u00a0 \u00a0<\/p>\n<p>L\u2019arriv\u00e9e de M. Soro, annonc\u00e9e le dimanche, au terme d\u2019une visite de 72h de Emmanuel Macron, a \u00e9t\u00e9 report\u00e9e \u00e0 lundi, apr\u00e8s que le ciel ivoirien a \u00e9t\u00e9 ferm\u00e9 aux a\u00e9ronefs priv\u00e9s ce dimanche 22 d\u00e9cembre 2019.<\/p>\n<p>Un t\u00e9l\u00e9gramme dont APA a re\u00e7u copie notifie \u00ab une autorisation de survol du territoire ivoirien et d\u2019atterrissage \u00e0 l\u2019a\u00e9roport d\u2019Abidjan, accord\u00e9e sous le No 1695\/PR\/EMP\/SAM \u00bb \u00e0 l\u2019appareil de nationalit\u00e9 allemande transportant M. Soro. \u00a0<\/p>\n<p>\u00ab M. Soro conform\u00e9ment au plan de vol a, d\u00e9coll\u00e9 ce matin de l\u2019a\u00e9roport Parisien de Bourget. Et il \u00e9tait en l\u2019air lorsque nous avons appris des services a\u00e9roportuaires qu\u2019il n\u2019\u00e9tait plus s\u00fbr que l\u2019avion du pr\u00e9sident Soro soit autoris\u00e9 \u00e0 atterrir \u00e0 Abidjan \u00bb, avait expliqu\u00e9 peu avant le D\u00e9put\u00e9 Alain Lobognon, membre du Comit\u00e9 d\u2019organisation de cette arriv\u00e9e de M. Soro.<\/p>\n<p>\u00ab Le GATL nous a dit ignorer le lieu d\u2019atterrissage de l\u2019avion\u2026 Nous avons un document qui confirme effectivement que l\u2019avion ne pouvait plus poser en C\u00f4te d\u2019Ivoire et c\u2019est sur cette information \u00e9crite que la d\u00e9cision a \u00e9t\u00e9 prise de d\u00e9router l\u2019avion sur le Ghana\u00bb, avait ajout\u00e9 le parlementaire pro-Soro aux journalistes.<\/p>\n<\/div>\n<p>Auteur: APA News<br \/>\n<a href=\"https:\/\/www.journalducameroun.com\/lavion-de-guillaume-soro-deroute-vers-accra-a-sa-demande-officiel\/\">Cliquez ici pour lire l&rsquo;article depuis sa source.<\/a><\/p>\n","protected":false},"excerpt":{"rendered":"<p>Publi\u00e9 le 23.12.2019 \u00e0 21h18 par APA News L\u2019ex-pr\u00e9sident de l\u2019Assembl\u00e9e nationale ivoirienne, Guillaume Soro, dont l\u2019avion le transportant en provenance de l\u2019a\u00e9roport de Paris-Le Bourget, a \u00e9t\u00e9 autoris\u00e9 \u00e0 atterrir \u00e0 Abidjan, mais a demand\u00e9 que le vol soit \u00ab d\u00e9rout\u00e9 vers Accra \u00bb, selon l\u2019Autorit\u00e9 nationale de l\u2019aviation civile de C\u00f4te d\u2019Ivoire (ANAC).\u00ab [&hellip;]<\/p>\n","protected":false},"author":1965,"featured_media":0,"comment_status":"closed","ping_status":"closed","sticky":false,"template":"","format":"standard","meta":{"fifu_image_url":"","fifu_image_alt":"","footnotes":""},"categories":[73,82],"tags":[],"class_list":["post-71086","post","type-post","status-publish","format-standard","hentry","category-actualite","category-cameroun"],"_links":{"self":[{"href":"https:\/\/linitiative.ca\/International\/wp-json\/wp\/v2\/posts\/71086","targetHints":{"allow":["GET"]}}],"collection":[{"href":"https:\/\/linitiative.ca\/International\/wp-json\/wp\/v2\/posts"}],"about":[{"href":"https:\/\/linitiative.ca\/International\/wp-json\/wp\/v2\/types\/post"}],"author":[{"embeddable":true,"href":"https:\/\/linitiative.ca\/International\/wp-json\/wp\/v2\/users\/1965"}],"replies":[{"embeddable":true,"href":"https:\/\/linitiative.ca\/International\/wp-json\/wp\/v2\/comments?post=71086"}],"version-history":[{"count":0,"href":"https:\/\/linitiative.ca\/International\/wp-json\/wp\/v2\/posts\/71086\/revisions"}],"wp:attachment":[{"href":"https:\/\/linitiative.ca\/International\/wp-json\/wp\/v2\/media?parent=71086"}],"wp:term":[{"taxonomy":"category","embeddable":true,"href":"https:\/\/linitiative.ca\/International\/wp-json\/wp\/v2\/categories?post=71086"},{"taxonomy":"post_tag","embeddable":true,"href":"https:\/\/linitiative.ca\/International\/wp-json\/wp\/v2\/tags?post=71086"}],"curies":[{"name":"wp","href":"https:\/\/api.w.org\/{rel}","templated":true}]}}