{"id":71087,"date":"2019-12-23T15:50:03","date_gmt":"2019-12-23T20:50:03","guid":{"rendered":"https:\/\/linitiative.ca\/International\/retour-avorte-de-guillaume-soro-en-cote-divoire-violences-policieres-contre-ses-partisans\/"},"modified":"2019-12-23T15:50:03","modified_gmt":"2019-12-23T20:50:03","slug":"retour-avorte-de-guillaume-soro-en-cote-divoire-violences-policieres-contre-ses-partisans","status":"publish","type":"post","link":"https:\/\/linitiative.ca\/International\/retour-avorte-de-guillaume-soro-en-cote-divoire-violences-policieres-contre-ses-partisans\/","title":{"rendered":"Retour avort\u00e9 de Guillaume Soro en C\u00f4te d\u2019Ivoire, violences polici\u00e8res contre ses partisans"},"content":{"rendered":"<div readability=\"32\">\n<p>Publi\u00e9 le 23.12.2019 \u00e0 21h50 par AFP<\/p>\n<\/div>\n<div readability=\"139\">\n<p>Le retour lundi en C\u00f4te d\u2019Ivoire de l\u2019ex-chef de la r\u00e9bellion et candidat \u00e0 la pr\u00e9sidentielle de 2020 Guillaume Soro a avort\u00e9, au terme d\u2019une journ\u00e9e confuse, marqu\u00e9e par des violences polici\u00e8res contre ses partisans \u00e0 Abidjan.<\/p>\n<p>L\u2019ex-pr\u00e9sident de l\u2019Assembl\u00e9e nationale ivoirienne (2012-2019) et Premier ministre (2007-2012), dont le retour apr\u00e8s six mois d\u2019absence \u00e9tait impatiemment attendu par ses partisans pour lancer sa campagne \u00e9lectorale, a finalement atterri \u00e0 Accra, au Ghana, selon son bras droit Alain Lobognon, dont la conf\u00e9rence de presse improvis\u00e9e a \u00e9t\u00e9 suivie d\u2019une intervention muscl\u00e9e des forces de l\u2019ordre.<\/p>\n<p>Guillaume Soro a longtemps \u00e9t\u00e9 le meilleur alli\u00e9 du pr\u00e9sident Alassane Ouattara, qu\u2019il a fortement aid\u00e9 \u00e0 porter au pouvoir lors de la crise post-\u00e9lectorale de 2010-2011 avec l\u2019appui des forces rebelles qu\u2019il dirigeait.<\/p>\n<p>Alors qu\u2019il avait \u00e9t\u00e9 le premier Premier ministre (2011-2012) de M. Ouattara, ses relations se sont progressivement d\u00e9grad\u00e9es avec le chef de l\u2019Etat, qui voulait brider ses ambitions pr\u00e9sidentielles, selon les observateurs, jusqu\u2019\u00e0 la rupture.<\/p>\n<p>Ag\u00e9 47 ans, ce chr\u00e9tien du Nord ivoirien a annonc\u00e9 sa candidature \u00e0 la magistrature supr\u00eame le 18 octobre. Les analystes politiques lui pr\u00eatent une certaine popularit\u00e9 et un soutien des jeunes dans le pays, mais il n\u2019existe pas de sondages politiques ind\u00e9pendants en C\u00f4te d\u2019Ivoire.<\/p>\n<p>Signe de nervosit\u00e9 du pouvoir ? A Abidjan lundi, les forces de l\u2019ordre d\u00e9ploy\u00e9es en grand nombre avec du mat\u00e9riel anti\u00e9meutes ont d\u2019abord emp\u00each\u00e9 les partisans de Guillaume Soro et les m\u00e9dias d\u2019acc\u00e9der au terminal de l\u2019a\u00e9roport o\u00f9 son jet priv\u00e9 devait atterrir \u00e0 13H (locales et GMT).<\/p>\n<p>Quelque \u00ab\u00a0800 hommes\u00a0\u00bb des forces de l\u2019ordre \u00e9taient mobilis\u00e9s, dont des forces anti\u00e9meutes, chaque 500 m\u00e8tres le long du trajet allant de l\u2019a\u00e9roport au domicile de M. Soro, avec pour mission de \u00ab\u00a0refouler tout individu se rendant (\u00e0 l\u2019a\u00e9roport) pour un \u00e9ventuel accueil de l\u2019ex-PAN (pr\u00e9sident de l\u2019Assembl\u00e9e nationale, ndlr), et d&rsquo;\u00a0\u00bbemp\u00eacher tout attroupement ou regroupement\u00a0\u00bb sur le trajet, selon une note de la pr\u00e9fecture de police d\u2019Abidjan transmise \u00e0 l\u2019AFP.<\/p>\n<p>La confusion a r\u00e9gn\u00e9 de 13H \u00e0 15H sur la destination de l\u2019avion de Guillaume Soro.<\/p>\n<p>\u2013 Lacrymos et forces sp\u00e9ciales \u2013<\/p>\n<p>Selon son parti, G\u00e9n\u00e9rations et Peuples solidaires (GPS), M. Soro a \u00e9t\u00e9 \u00ab\u00a0emp\u00each\u00e9\u00a0\u00bb d\u2019atterrir \u00e0 Abidjan. Selon une source proche de la pr\u00e9sidence ivoirienne, il a choisi lui-m\u00eame de se d\u00e9router sur Accra, pour \u00e9viter une \u00ab\u00a0arrestation \u00e0 l\u2019arriv\u00e9e\u00a0\u00bb \u00e0 Abidjan.<\/p>\n<p>Guillaume Soro a \u00e9t\u00e9 \u00ab\u00a0emp\u00each\u00e9 de rentrer dans son pays\u00a0\u00bb, o\u00f9 il devait \u00ab\u00a0prendre sa place dans le processus \u00e9lectoral\u00a0\u00bb, a d\u00e9clar\u00e9 le d\u00e9put\u00e9 Lobognon. \u00ab\u00a0Ni M. Soro ni ses proches ne sont inform\u00e9s de l\u2019existence d\u2019un mandat d\u2019arr\u00eat\u00a0\u00bb, a-t-il affirm\u00e9.<\/p>\n<p>Le si\u00e8ge du parti GPS, situ\u00e9 dans une villa de la commune chic de Cocody, \u00e0 c\u00f4t\u00e9 de l\u2019ambassade am\u00e9ricaine, a \u00e9t\u00e9 cern\u00e9 par les forces de l\u2019ordre.<\/p>\n<p>Les militants de Guillaume Soro sont sortis pour tenter de repousser les policiers et les gendarmes, qui ont ripost\u00e9 en tirant des gaz lacrymog\u00e8nes.<\/p>\n<p>Alors que les militants s\u2019\u00e9taient repli\u00e9s \u00e0 l\u2019int\u00e9rieur de la r\u00e9sidence, des hommes arm\u00e9s, cagoul\u00e9s, certains en civil, d\u2019autres en treillis, vraisemblablement des forces sp\u00e9ciales, ont forc\u00e9 les portes du b\u00e2timent et, second\u00e9s par des policiers et des gendarmes entr\u00e9s \u00e0 leur suite, ont contraint tous les occupants \u00e0 en sortir, ont constat\u00e9 des journalistes de l\u2019AFP.<\/p>\n<p>Des hommes des forces de l\u2019ordre ont saisi les appareils de plusieurs photographes ainsi que des t\u00e9l\u00e9phones portables de journalistes. Ils ont par la suite chass\u00e9 tous les journalistes et les militants GPS de la zone.<\/p>\n<p>Dix ans apr\u00e8s la crise post-\u00e9lectorale de 2010-2011 qui avait fait 3.000 morts, la pr\u00e9sidentielle d\u2019octobre 2020 s\u2019annonce tendue en C\u00f4te d\u2019Ivoire. Les \u00e9lections municipales et r\u00e9gionales de 2018 avaient \u00e9t\u00e9 marqu\u00e9es par de nombreuses violences et des fraudes.<\/p>\n<p>En raison de la visite du pr\u00e9sident fran\u00e7ais Emmanuel Macron en C\u00f4te d\u2019Ivoire ce week-end, les autorit\u00e9s ivoiriennes avaient interdit un meeting de l\u2019opposition pr\u00e9vu samedi et repouss\u00e9 l\u2019arriv\u00e9e de M. Soro de dimanche \u00e0 lundi.<\/p>\n<\/div>\n<p>Auteur: AFP<br \/>\n<a href=\"https:\/\/www.journalducameroun.com\/retour-avorte-de-guillaume-soro-en-cote-divoire-violences-policieres-contre-ses-partisans\/\">Cliquez ici pour lire l&rsquo;article depuis sa source.<\/a><\/p>\n","protected":false},"excerpt":{"rendered":"<p>Publi\u00e9 le 23.12.2019 \u00e0 21h50 par AFP Le retour lundi en C\u00f4te d\u2019Ivoire de l\u2019ex-chef de la r\u00e9bellion et candidat \u00e0 la pr\u00e9sidentielle de 2020 Guillaume Soro a avort\u00e9, au terme d\u2019une journ\u00e9e confuse, marqu\u00e9e par des violences polici\u00e8res contre ses partisans \u00e0 Abidjan. L\u2019ex-pr\u00e9sident de l\u2019Assembl\u00e9e nationale ivoirienne (2012-2019) et Premier ministre (2007-2012), dont [&hellip;]<\/p>\n","protected":false},"author":1965,"featured_media":0,"comment_status":"closed","ping_status":"closed","sticky":false,"template":"","format":"standard","meta":{"fifu_image_url":"","fifu_image_alt":"","footnotes":""},"categories":[73,82],"tags":[],"class_list":["post-71087","post","type-post","status-publish","format-standard","hentry","category-actualite","category-cameroun"],"_links":{"self":[{"href":"https:\/\/linitiative.ca\/International\/wp-json\/wp\/v2\/posts\/71087","targetHints":{"allow":["GET"]}}],"collection":[{"href":"https:\/\/linitiative.ca\/International\/wp-json\/wp\/v2\/posts"}],"about":[{"href":"https:\/\/linitiative.ca\/International\/wp-json\/wp\/v2\/types\/post"}],"author":[{"embeddable":true,"href":"https:\/\/linitiative.ca\/International\/wp-json\/wp\/v2\/users\/1965"}],"replies":[{"embeddable":true,"href":"https:\/\/linitiative.ca\/International\/wp-json\/wp\/v2\/comments?post=71087"}],"version-history":[{"count":0,"href":"https:\/\/linitiative.ca\/International\/wp-json\/wp\/v2\/posts\/71087\/revisions"}],"wp:attachment":[{"href":"https:\/\/linitiative.ca\/International\/wp-json\/wp\/v2\/media?parent=71087"}],"wp:term":[{"taxonomy":"category","embeddable":true,"href":"https:\/\/linitiative.ca\/International\/wp-json\/wp\/v2\/categories?post=71087"},{"taxonomy":"post_tag","embeddable":true,"href":"https:\/\/linitiative.ca\/International\/wp-json\/wp\/v2\/tags?post=71087"}],"curies":[{"name":"wp","href":"https:\/\/api.w.org\/{rel}","templated":true}]}}