{"id":71089,"date":"2019-12-23T17:18:03","date_gmt":"2019-12-23T22:18:03","guid":{"rendered":"https:\/\/linitiative.ca\/International\/un-mandat-darret-international-lance-contre-guillaume-soro-procureur\/"},"modified":"2019-12-23T17:18:03","modified_gmt":"2019-12-23T22:18:03","slug":"un-mandat-darret-international-lance-contre-guillaume-soro-procureur","status":"publish","type":"post","link":"https:\/\/linitiative.ca\/International\/un-mandat-darret-international-lance-contre-guillaume-soro-procureur\/","title":{"rendered":"Un mandat d\u2019arr\u00eat international lanc\u00e9 contre Guillaume Soro (Procureur)"},"content":{"rendered":"<div readability=\"32\">\n<p>Publi\u00e9 le 23.12.2019 \u00e0 23h18 par APA News<\/p>\n<\/div>\n<div readability=\"114\">\n<p>Le procureur de la R\u00e9publique de C\u00f4te d\u2019Ivoire, Richard Adou, a annonc\u00e9 lundi un mandat d\u2019arr\u00eat international requis contre l\u2019ex-pr\u00e9sident de l\u2019Assembl\u00e9e nationale, Guillaume Soro, pour atteinte \u00e0 l\u2019autorit\u00e9 de l\u2019Etat, recel de d\u00e9tournement de deniers publics et pour blanchiment de capitaux.\u00ab Un mandat d\u2019arr\u00eat international a \u00e9t\u00e9 requis contre Soro Kigbafori Guillaume \u00bb pour tentative contre l\u2019autorit\u00e9 de l\u2019Etat et l\u2019int\u00e9grit\u00e9 du territoire national, recel de d\u00e9tournement de deniers publics et pour blanchiment de capitaux, a indiqu\u00e9 M. Richard Adou \u00e0 la RTI 1, la t\u00e9l\u00e9vision publique ivoirienne.\u00a0<\/p>\n<p>Selon le procureur de la R\u00e9publique, les faits \u00e9taient instruits par la Direction de la surveillance du territoire (DST), mais les personnes ne se trouvant pas en C\u00f4te d\u2019Ivoire, un juge d\u2019instruction a \u00e9t\u00e9 saisi, \u00ab le seul \u00e0 d\u00e9livrer des mandats d\u2019arr\u00eats internationaux et c\u2019est ce qu\u2019il a fait \u00bb.\u00a0<\/p>\n<p>M. Soro, d\u00e9put\u00e9 \u00e0 l\u2019Assembl\u00e9e nationale et ex-pr\u00e9sident de ladite institution \u00ab se trouvant \u00e0 l\u2019ext\u00e9rieur du pays depuis plusieurs mois, projetait d\u2019attenter \u00e0 l\u2019autorit\u00e9 de l\u2019Etat et \u00e0 l\u2019int\u00e9grit\u00e9 du territoire national \u00bb, a rapport\u00e9 lundi la Direction de la surveillance du territoire \u00a0(DST), dans sa saisine, a fait savoir M. Adou.\u00a0<\/p>\n<p>\u00ab Les \u00e9l\u00e9ments en possession des services de renseignement dont ils ont l\u2019enregistrement sonore, \u00e9tablissant clairement que le projet devrait \u00eatre mis en \u0153uvre incessamment, le procureur de la R\u00e9publique a ordonn\u00e9 l\u2019interpellation et l\u2019arrestation des mis en cause \u00bb, a-t-il dit.<\/p>\n<p>Par ailleurs, le procureur de la R\u00e9publique inform\u00e9 que le vendredi 20 d\u00e9cembre 2019, il a \u00e9t\u00e9 saisi d\u2019une plainte formul\u00e9e par l\u2019agent judiciaire du Tr\u00e9sor contre M. Ciss\u00e9 Mory, Kon\u00e9 Kamarat\u00e9 Souleymane, Nguessan Ren\u00e9 et Soro Kigbafori Guillaume pour d\u00e9tournement de deniers publics, recel de d\u00e9tournement de deniers publics et blanchiment de capitaux portant sur la somme de 1,5 milliard Fcfa, a-t-il poursuivi.<\/p>\n<p>De ce fait, une information judiciaire a \u00e9t\u00e9 ouverte imm\u00e9diatement contre M. Soro Guillaume pour pr\u00e9somption grave de tentative contre l\u2019autorit\u00e9 de l\u2019Etat et l\u2019int\u00e9grit\u00e9 du territoire national, de recel de d\u00e9tournement de deniers publics et de blanchiment de capitaux.<\/p>\n<p>Il est reproch\u00e9 \u00e0 M. Ciss\u00e9 Mory, \u00a0Kon\u00e9 Kamarat\u00e9 Souleymane, Nguessan Ren\u00e9 et une soci\u00e9t\u00e9 civile immobili\u00e8re, une \u00abpr\u00e9somption grave de d\u00e9tournement de deniers publics et de blanchiment de capitaux portant sur la somme de 1,5 milliard Fcfa \u00bb.\u00a0<\/p>\n<p>Quinze personnes personnes dont des parlementaires ont \u00e9t\u00e9 arr\u00eat\u00e9s pour des dossiers compl\u00e8tement diff\u00e9rents, a confirm\u00e9 le procureur de la R\u00e9publique Richard Adou, \u00a0citant Alain Lobognon, le d\u00e9put\u00e9 de Fresco, une ville dans le sud-Ouest ivoirien.\u00a0<\/p>\n<p>En provenance de l\u2019a\u00e9roport de Paris-Le-Bourget pour l\u2019a\u00e9roport international F\u00e9lix Houphou\u00ebt-Boigny d\u2019Abidjan o\u00f9 il \u00e9tait attendu, l\u2019avion transportant l\u2019ancien pr\u00e9sident de l\u2019Assembl\u00e9e nationale ivoirienne, Guillaume Soro a \u00e9t\u00e9 d\u00e9tourn\u00e9 vers Accra au Ghana o\u00f9 il a finalement atterri, avait annonc\u00e9 dans l\u2019apr\u00e8s-midi, dans une conf\u00e9rence de presse, le d\u00e9put\u00e9 pro-Soro, Alain Michel Lobognon.<\/p>\n<\/div>\n<p>Auteur: APA News<br \/>\n<a href=\"https:\/\/www.journalducameroun.com\/un-mandat-darret-international-lance-contre-guillaume-soro-procureur\/\">Cliquez ici pour lire l&rsquo;article depuis sa source.<\/a><\/p>\n","protected":false},"excerpt":{"rendered":"<p>Publi\u00e9 le 23.12.2019 \u00e0 23h18 par APA News Le procureur de la R\u00e9publique de C\u00f4te d\u2019Ivoire, Richard Adou, a annonc\u00e9 lundi un mandat d\u2019arr\u00eat international requis contre l\u2019ex-pr\u00e9sident de l\u2019Assembl\u00e9e nationale, Guillaume Soro, pour atteinte \u00e0 l\u2019autorit\u00e9 de l\u2019Etat, recel de d\u00e9tournement de deniers publics et pour blanchiment de capitaux.\u00ab Un mandat d\u2019arr\u00eat international a [&hellip;]<\/p>\n","protected":false},"author":1965,"featured_media":0,"comment_status":"closed","ping_status":"closed","sticky":false,"template":"","format":"standard","meta":{"fifu_image_url":"","fifu_image_alt":"","footnotes":""},"categories":[73,82],"tags":[],"class_list":["post-71089","post","type-post","status-publish","format-standard","hentry","category-actualite","category-cameroun"],"_links":{"self":[{"href":"https:\/\/linitiative.ca\/International\/wp-json\/wp\/v2\/posts\/71089","targetHints":{"allow":["GET"]}}],"collection":[{"href":"https:\/\/linitiative.ca\/International\/wp-json\/wp\/v2\/posts"}],"about":[{"href":"https:\/\/linitiative.ca\/International\/wp-json\/wp\/v2\/types\/post"}],"author":[{"embeddable":true,"href":"https:\/\/linitiative.ca\/International\/wp-json\/wp\/v2\/users\/1965"}],"replies":[{"embeddable":true,"href":"https:\/\/linitiative.ca\/International\/wp-json\/wp\/v2\/comments?post=71089"}],"version-history":[{"count":0,"href":"https:\/\/linitiative.ca\/International\/wp-json\/wp\/v2\/posts\/71089\/revisions"}],"wp:attachment":[{"href":"https:\/\/linitiative.ca\/International\/wp-json\/wp\/v2\/media?parent=71089"}],"wp:term":[{"taxonomy":"category","embeddable":true,"href":"https:\/\/linitiative.ca\/International\/wp-json\/wp\/v2\/categories?post=71089"},{"taxonomy":"post_tag","embeddable":true,"href":"https:\/\/linitiative.ca\/International\/wp-json\/wp\/v2\/tags?post=71089"}],"curies":[{"name":"wp","href":"https:\/\/api.w.org\/{rel}","templated":true}]}}