{"id":71095,"date":"2019-12-24T05:29:02","date_gmt":"2019-12-24T10:29:02","guid":{"rendered":"https:\/\/linitiative.ca\/International\/lhommage-des-intellectuels-marocains-a-une-femme-exceptionnelle\/"},"modified":"2019-12-24T05:29:02","modified_gmt":"2019-12-24T10:29:02","slug":"lhommage-des-intellectuels-marocains-a-une-femme-exceptionnelle","status":"publish","type":"post","link":"https:\/\/linitiative.ca\/International\/lhommage-des-intellectuels-marocains-a-une-femme-exceptionnelle\/","title":{"rendered":"L\u2019hommage des intellectuels marocains \u00e0 une femme exceptionnelle"},"content":{"rendered":"<p><img decoding=\"async\" class=\"post_layout_5_img\" src=\"http:\/\/aujourdhui.ma\/wp-content\/uploads\/2019\/12\/9789954105733_Fatema-Mernissi-La-savante-et-lengagement-Fr.jpg?x29840\" alt=\"L\u2019hommage des intellectuels marocains \u00e0 une femme exceptionnelle\"\/><\/p>\n<p>Pr\u00e9sent\u00e9 en avant-premi\u00e8re \u00e0 la troisi\u00e8me \u00e9dition du Salon du livre d\u2019Oujda, Lettres du Maghreb, en octobre dernier<span id=\"more-327791\"\/>, le nouvel ouvrage intitul\u00e9 \u00abFatema Mernissi, la savante et l\u2019engagement\u00bb vient de para\u00eetre chez les \u00e9ditions La Crois\u00e9e des Chemins. Il s\u2019agit d\u2019un ouvrage de 156 pages r\u00e9unissant les t\u00e9moignages, les regards et les mots de reconnaissance de plusieurs belles plumes arabophones et francophones. Il y a lieu de citer Aicha Belarbi, Ali Amahan, Driss Guerraoui, Driss Ksikes, Houriya Cherif Haoaut, Jalila Sba\u00ef, Latifa El Bouhsini, Miloudi Belmir, Mouhcine Ayouch, Najia Elboudali, Noureddine Saoudi, Nouzha Guessous, Rab\u00e9a Naciri, Wafae Guessous et Zakya Daoud. S\u2019agissant des intellectuels arabophones, on retrouve Ahmed Taoufiq Zinebi, Amina Lamrini, Saadia Wadah, Touria Saoudi, Dayma Benkhouma, Said Boukhlitt, Abdelfettah Zine, Adnane Jazouli, Fatema Raji, Latefa Jbabdi, Leila Majdouli, Moukhtar El Harras, Nourreddine Mohakik et Yassin Adnan.<\/p>\n<p>\u00abTelle est Fatema Mernissi : une militante f\u00e9ministe intraitable contre l\u2019iniquit\u00e9 sociale et l\u2019exclusion, une scientifique d\u2019envergure internationale et une artiste qui a su r\u00e9activer des figures de notre imaginaire ancestral pour fonder une soci\u00e9t\u00e9 r\u00e9concili\u00e9e avec son pass\u00e9, ouverte sur le pr\u00e9sent et pench\u00e9e sur la n\u00e9cessit\u00e9 de construire un avenir fait de modernit\u00e9, de justice et d\u2019\u00e9quit\u00e9 o\u00f9 la femme et le f\u00e9minin constituent des forces actives susceptibles de nourrir les projets de d\u00e9veloppement et de progr\u00e8s. Sa disparition est, pour nous tous, une perte qui r\u00e9sonne tr\u00e8s douloureusement en des temps o\u00f9 nous avons tant besoin d\u2019une penseuse humaniste, courageuse et \u00e9clair\u00e9e. Mais l\u2019esprit ne meurt jamais surtout quand il est comme le sien p\u00e9tri de noblesse et de volont\u00e9 du meilleur. C\u2019est pour cela que notre gratitude \u00e0 son \u00e9gard se veut, avant toute chose, fid\u00e9lit\u00e9 \u00e0 sa m\u00e9moire et volont\u00e9 affich\u00e9e de p\u00e9renniser sa pens\u00e9e et son \u0153uvre\u00bb, a \u00e9crit Driss El Yazami, dans la pr\u00e9face du livre.<\/p>\n<p>Pour rappel, Fatima Mernissi est une figure atypique de la sc\u00e8ne intellectuelle marocaine. Sociologue, f\u00e9ministe, universitaire, elle a \u00e9t\u00e9 connue pour son combat en faveur du f\u00e9minisme et sa lutte contre le patriarcat au Maroc et dans le monde arabe. Elle a fond\u00e9 le collectif \u00abFemmes, familles, enfants\u00bb en 1981 et les \u00abCaravanes civiques\u00bb pour \u00e9tablir un pont entre les populations rurales, urbaines et le monde de la culture. Elle compte \u00e0 son actif de nombreux ouvrages sur le monde islamique traduits en plusieurs langues, dont \u00abLe monde n\u2019est pas un harem\u00bb (1991), \u00abSultanes oubli\u00e9es : femmes chefs d\u2019\u00c9tat en Islam\u00bb (1990) et \u00abR\u00eaves de femmes : une enfance au harem\u00bb (1998).<\/p>\n<p>Auteur: Siham Jadraoui<br \/>\n<a href=\"http:\/\/aujourdhui.ma\/culture\/lhommage-des-intellectuels-marocains-a-une-femme-exceptionnelle\">Cliquez ici pour lire l&rsquo;article depuis sa source.<\/a><\/p>\n","protected":false},"excerpt":{"rendered":"<p>Pr\u00e9sent\u00e9 en avant-premi\u00e8re \u00e0 la troisi\u00e8me \u00e9dition du Salon du livre d\u2019Oujda, Lettres du Maghreb, en octobre dernier, le nouvel ouvrage intitul\u00e9 \u00abFatema Mernissi, la savante et l\u2019engagement\u00bb vient de para\u00eetre chez les \u00e9ditions La Crois\u00e9e des Chemins. Il s\u2019agit d\u2019un ouvrage de 156 pages r\u00e9unissant les t\u00e9moignages, les regards et les mots de reconnaissance [&hellip;]<\/p>\n","protected":false},"author":1759,"featured_media":0,"comment_status":"closed","ping_status":"closed","sticky":false,"template":"","format":"standard","meta":{"fifu_image_url":"","fifu_image_alt":"","footnotes":""},"categories":[73,54],"tags":[],"class_list":["post-71095","post","type-post","status-publish","format-standard","hentry","category-actualite","category-maroc"],"_links":{"self":[{"href":"https:\/\/linitiative.ca\/International\/wp-json\/wp\/v2\/posts\/71095","targetHints":{"allow":["GET"]}}],"collection":[{"href":"https:\/\/linitiative.ca\/International\/wp-json\/wp\/v2\/posts"}],"about":[{"href":"https:\/\/linitiative.ca\/International\/wp-json\/wp\/v2\/types\/post"}],"author":[{"embeddable":true,"href":"https:\/\/linitiative.ca\/International\/wp-json\/wp\/v2\/users\/1759"}],"replies":[{"embeddable":true,"href":"https:\/\/linitiative.ca\/International\/wp-json\/wp\/v2\/comments?post=71095"}],"version-history":[{"count":0,"href":"https:\/\/linitiative.ca\/International\/wp-json\/wp\/v2\/posts\/71095\/revisions"}],"wp:attachment":[{"href":"https:\/\/linitiative.ca\/International\/wp-json\/wp\/v2\/media?parent=71095"}],"wp:term":[{"taxonomy":"category","embeddable":true,"href":"https:\/\/linitiative.ca\/International\/wp-json\/wp\/v2\/categories?post=71095"},{"taxonomy":"post_tag","embeddable":true,"href":"https:\/\/linitiative.ca\/International\/wp-json\/wp\/v2\/tags?post=71095"}],"curies":[{"name":"wp","href":"https:\/\/api.w.org\/{rel}","templated":true}]}}