{"id":71098,"date":"2019-12-24T05:34:03","date_gmt":"2019-12-24T10:34:03","guid":{"rendered":"https:\/\/linitiative.ca\/International\/el-jadida-5-ans-de-reclusion-criminelle-pour-avoir-viole-sa-cousine\/"},"modified":"2019-12-24T05:34:03","modified_gmt":"2019-12-24T10:34:03","slug":"el-jadida-5-ans-de-reclusion-criminelle-pour-avoir-viole-sa-cousine","status":"publish","type":"post","link":"https:\/\/linitiative.ca\/International\/el-jadida-5-ans-de-reclusion-criminelle-pour-avoir-viole-sa-cousine\/","title":{"rendered":"El Jadida : 5 ans de r\u00e9clusion criminelle pour avoir viol\u00e9 sa cousine"},"content":{"rendered":"<header readability=\"1.16761363636\">\n<\/header>\n<div class=\"entry-content clearfix\" readability=\"49\"><img decoding=\"async\" class=\"post_layout_5_img\" src=\"http:\/\/aujourdhui.ma\/wp-content\/uploads\/2017\/02\/Arrestation-Menotte.jpg?x29840\" alt=\"El Jadida : 5 ans de r\u00e9clusion criminelle pour avoir viol\u00e9 sa cousine\"\/><\/p>\n<p>Cinq ans de r\u00e9clusion criminelle, tel a \u00e9t\u00e9 le verdict rendu par la chambre criminelle pr\u00e8s la Cour d\u2019appel \u00e0 El Jadida contre un jeune homme pour avoir viol\u00e9 sa cousine.<span id=\"more-327799\"\/> Devant la Cour, il a ni\u00e9 les charges retenues contre lui. Mais, la victime, \u00e9tudiante universitaire de son \u00e9tat, a affirm\u00e9 qu\u2019elle venait de rentrer chez elle et prenait une place devant la t\u00e9l\u00e9vision quand son cousin l\u2019a rejointe. Quand elle lui a demand\u00e9 ce qu\u2019il voulait d\u2019elle, il lui a r\u00e9pondu sans d\u00e9tours qu\u2019il voulait partager avec elle le m\u00eame lit. Mais celle-ci a refus\u00e9 \u00e9nergiquement. Alors il s\u2019est jet\u00e9 sur elle comme un fauve sur sa proie tout en la d\u00e9shabillant et en la violant avant de prendre la poudre d\u2019escampette.<\/p>\n<p>Une plainte a \u00e9t\u00e9 port\u00e9e contre lui aupr\u00e8s des gendarmes d\u2019Al Oualidia qui n\u2019ont pas tard\u00e9 \u00e0 l\u2019arr\u00eater. Le voisin de la victime, qui a pr\u00e9sent\u00e9 son t\u00e9moignage devant la Cour, a assur\u00e9 qu\u2019il a entendu les cris de la victime. D\u00e8s qu\u2019il a tent\u00e9 de la rejoindre pour savoir ce qui se passait, il a crois\u00e9 son cousin qui sortait de chez elle en courant.<\/p>\n<\/div>\n<p>Auteur: Abderrafii ALOUMLIKI<br \/>\n<a href=\"http:\/\/aujourdhui.ma\/faits-divers\/el-jadida-5-ans-de-reclusion-criminelle-pour-avoir-viole-sa-cousine\">Cliquez ici pour lire l&rsquo;article depuis sa source.<\/a><\/p>\n","protected":false},"excerpt":{"rendered":"<p>Cinq ans de r\u00e9clusion criminelle, tel a \u00e9t\u00e9 le verdict rendu par la chambre criminelle pr\u00e8s la Cour d\u2019appel \u00e0 El Jadida contre un jeune homme pour avoir viol\u00e9 sa cousine. Devant la Cour, il a ni\u00e9 les charges retenues contre lui. Mais, la victime, \u00e9tudiante universitaire de son \u00e9tat, a affirm\u00e9 qu\u2019elle venait de [&hellip;]<\/p>\n","protected":false},"author":1759,"featured_media":0,"comment_status":"closed","ping_status":"closed","sticky":false,"template":"","format":"standard","meta":{"fifu_image_url":"","fifu_image_alt":"","footnotes":""},"categories":[73,54],"tags":[],"class_list":["post-71098","post","type-post","status-publish","format-standard","hentry","category-actualite","category-maroc"],"_links":{"self":[{"href":"https:\/\/linitiative.ca\/International\/wp-json\/wp\/v2\/posts\/71098","targetHints":{"allow":["GET"]}}],"collection":[{"href":"https:\/\/linitiative.ca\/International\/wp-json\/wp\/v2\/posts"}],"about":[{"href":"https:\/\/linitiative.ca\/International\/wp-json\/wp\/v2\/types\/post"}],"author":[{"embeddable":true,"href":"https:\/\/linitiative.ca\/International\/wp-json\/wp\/v2\/users\/1759"}],"replies":[{"embeddable":true,"href":"https:\/\/linitiative.ca\/International\/wp-json\/wp\/v2\/comments?post=71098"}],"version-history":[{"count":0,"href":"https:\/\/linitiative.ca\/International\/wp-json\/wp\/v2\/posts\/71098\/revisions"}],"wp:attachment":[{"href":"https:\/\/linitiative.ca\/International\/wp-json\/wp\/v2\/media?parent=71098"}],"wp:term":[{"taxonomy":"category","embeddable":true,"href":"https:\/\/linitiative.ca\/International\/wp-json\/wp\/v2\/categories?post=71098"},{"taxonomy":"post_tag","embeddable":true,"href":"https:\/\/linitiative.ca\/International\/wp-json\/wp\/v2\/tags?post=71098"}],"curies":[{"name":"wp","href":"https:\/\/api.w.org\/{rel}","templated":true}]}}