{"id":71099,"date":"2019-12-24T07:42:55","date_gmt":"2019-12-24T12:42:55","guid":{"rendered":"https:\/\/linitiative.ca\/International\/en-ouverture-de-la-3eme-universite-dhiver-arij-menjouri-parle-au-nom-des-jeunes-mre\/"},"modified":"2019-12-24T07:42:55","modified_gmt":"2019-12-24T12:42:55","slug":"en-ouverture-de-la-3eme-universite-dhiver-arij-menjouri-parle-au-nom-des-jeunes-mre","status":"publish","type":"post","link":"https:\/\/linitiative.ca\/International\/en-ouverture-de-la-3eme-universite-dhiver-arij-menjouri-parle-au-nom-des-jeunes-mre\/","title":{"rendered":"En ouverture de la 3\u00e8me universit\u00e9 d\u2019hiver : Arij Menjouri parle au nom des jeunes MRE"},"content":{"rendered":"<header readability=\"1.375\">\n<div class=\"entry-post-meta\" readability=\"6.68852459016\">\n<div class=\"author-link\">Publi\u00e9 par <a itemprop=\"author\" itemscope=\"\" itemtype=\"https:\/\/schema.org\/Person\" href=\"http:\/\/aujourdhui.ma\/profile\/kaid\" rel=\"author\"><span itemprop=\"name\">ALM<\/span><\/a><\/div>\n<p>Date\u00a0:<time content=\"2019-12-24T13:42:55+00:00\" class=\"entry-date updated\" datetime=\"2019-12-24T13:42:55+00:00\">d\u00e9cembre 24, 2019<\/time><\/p>\n<div class=\"entry-cat\">dans:<a href=\"http:\/\/aujourdhui.ma\/category\/videos\" rel=\"category tag\">Vid\u00e9os<\/a><\/div>\n<p>0 Vues<\/p>\n<\/div>\n<\/header>\n<div class=\"entry-content clearfix\" readability=\"41\">\n<p><iframe loading=\"lazy\" width=\"536\" height=\"323\" src=\"\/\/www.youtube.com\/embed\/8bvpuFmxtUU?\" frameborder=\"0\" allowfullscreen=\"\">[embedded content]<\/iframe><\/p>\n<p>La jeune \u00e9tudiante maroco-tunisienne, Arij Menjouri, parle au nom des jeunes MRE participants \u00e0 la 3\u00e8me universit\u00e9 d\u2019hiver.<span id=\"more-327801\"\/> Pour sa part, la consultante, Bouchra Bayed, \u00e9galement pr\u00e9sidente de l\u2019association Maroc Entrepreneurs \u00e0 Paris, ne manque pas de devoir une fi\u00e8re chandelle au minist\u00e8re d\u00e9l\u00e9gu\u00e9 charg\u00e9 des MRE<\/p>\n<\/div>\n<p>Auteur: ALM<br \/>\n<a href=\"http:\/\/aujourdhui.ma\/videos\/en-ouverture-de-la-3eme-universite-dhiver-arij-menjouri-parle-au-nom-des-jeunes-mre\">Cliquez ici pour lire l&rsquo;article depuis sa source.<\/a><\/p>\n","protected":false},"excerpt":{"rendered":"<p>Publi\u00e9 par ALM Date\u00a0:d\u00e9cembre 24, 2019 dans:Vid\u00e9os 0 Vues [embedded content] La jeune \u00e9tudiante maroco-tunisienne, Arij Menjouri, parle au nom des jeunes MRE participants \u00e0 la 3\u00e8me universit\u00e9 d\u2019hiver. Pour sa part, la consultante, Bouchra Bayed, \u00e9galement pr\u00e9sidente de l\u2019association Maroc Entrepreneurs \u00e0 Paris, ne manque pas de devoir une fi\u00e8re chandelle au minist\u00e8re d\u00e9l\u00e9gu\u00e9 [&hellip;]<\/p>\n","protected":false},"author":1759,"featured_media":0,"comment_status":"closed","ping_status":"closed","sticky":false,"template":"","format":"standard","meta":{"fifu_image_url":"","fifu_image_alt":"","footnotes":""},"categories":[73,54],"tags":[],"class_list":["post-71099","post","type-post","status-publish","format-standard","hentry","category-actualite","category-maroc"],"_links":{"self":[{"href":"https:\/\/linitiative.ca\/International\/wp-json\/wp\/v2\/posts\/71099","targetHints":{"allow":["GET"]}}],"collection":[{"href":"https:\/\/linitiative.ca\/International\/wp-json\/wp\/v2\/posts"}],"about":[{"href":"https:\/\/linitiative.ca\/International\/wp-json\/wp\/v2\/types\/post"}],"author":[{"embeddable":true,"href":"https:\/\/linitiative.ca\/International\/wp-json\/wp\/v2\/users\/1759"}],"replies":[{"embeddable":true,"href":"https:\/\/linitiative.ca\/International\/wp-json\/wp\/v2\/comments?post=71099"}],"version-history":[{"count":0,"href":"https:\/\/linitiative.ca\/International\/wp-json\/wp\/v2\/posts\/71099\/revisions"}],"wp:attachment":[{"href":"https:\/\/linitiative.ca\/International\/wp-json\/wp\/v2\/media?parent=71099"}],"wp:term":[{"taxonomy":"category","embeddable":true,"href":"https:\/\/linitiative.ca\/International\/wp-json\/wp\/v2\/categories?post=71099"},{"taxonomy":"post_tag","embeddable":true,"href":"https:\/\/linitiative.ca\/International\/wp-json\/wp\/v2\/tags?post=71099"}],"curies":[{"name":"wp","href":"https:\/\/api.w.org\/{rel}","templated":true}]}}