{"id":71100,"date":"2019-12-24T04:41:32","date_gmt":"2019-12-24T09:41:32","guid":{"rendered":"https:\/\/linitiative.ca\/International\/le-raja-domine-le-127e-derby-face-au-wydad\/"},"modified":"2019-12-24T04:41:32","modified_gmt":"2019-12-24T09:41:32","slug":"le-raja-domine-le-127e-derby-face-au-wydad","status":"publish","type":"post","link":"https:\/\/linitiative.ca\/International\/le-raja-domine-le-127e-derby-face-au-wydad\/","title":{"rendered":"Le Raja domine le 127e derby face au Wydad"},"content":{"rendered":"<p class=\"has-text-color has-vivid-cyan-blue-color\"><strong>Le Raja a confirm\u00e9 son leadership casablancais de la saison. Apr\u00e8s le derby arabe qui lui a donn\u00e9 la qualification aux quarts de finale de la Coupe Mohammed VI gr\u00e2ce \u00e0 une \u00abremontada\u00bb historique (4-4 au match retour et 1-1 en aller), le Raja a confirm\u00e9 son m\u00e9rite en dominant le 3<sup>e<\/sup> derby de la saison et le 1<sup>er<\/sup> de la Botola \u00e0 l\u2019occasion de la 10<sup>e<\/sup> journ\u00e9e du championnat national de football en Division 1.<\/strong><\/p>\n<p>C\u2019est victoire petite mais combien pr\u00e9cieuse pour le Raja qui a remport\u00e9 le 127<sup>e<\/sup> derby casablancais en venant \u00e0 bout du Wydad (1-0), dimanche sur la pelouse du complexe sportif Mohammed V \u00e0 Casablanca.<\/p>\n<p>Alors que match, \u00e2prement disput\u00e9, se dirigeait vers un nul, la victoire est revenue en fin de compte au club a domin\u00e9 le plus, techniquement et tactiquement. Les Verts l\u2019ont fait encore une fois en arrachant une victoire difficile mais m\u00e9rit\u00e9e, dans les dix derni\u00e8res minutes du match (80<sup>e<\/sup>) gr\u00e2ce \u00e0 un superbe but de Hamid Ahadad qui a h\u00e9rit\u00e9 d\u2019une belle ouverture de son co\u00e9quipier Mohcine Metoualli. Le Raja a donc fait l\u2019essentiel avec une formation amoindrie par l\u2019absence de son ma\u00eetre en d\u00e9fense, Badr Banoune, mais avec le retour d\u2019Abdelilah El Hafidi m\u00eame s\u2019il n\u2019a \u00e9t\u00e9 align\u00e9 qu\u2019en fin du match comme celui remport\u00e9 face au Hassania Agadir (2-1), mercredi dernier.<\/p>\n<p>Le WAC qui a \u00e9galement \u00e9volu\u00e9 avec une formation diminu\u00e9e par l\u2019absence d\u2019Achraf Dari sorti suite \u00e0 une blessure mais aussi d\u2019autres pi\u00e8ces maitresses dont le d\u00e9fenseur ivoirien Comara, n\u2019a tout simplement pas pu \u00e9viter. Les Rouges ont perdu et le match et leur capitaine, Brahim Nekkach expuls\u00e9 par l\u2019arbitre Redouane Jyed pour cause d\u2019anti jeu.<\/p>\n<p>Gr\u00e2ce \u00e0 cette vitoire, le Raja s\u2019approche un petit peu de la t\u00eate du classement en hissant \u00e0 la 4<sup>e<\/sup> place avec 17 Points. Le Raja qui a 2 autres matches en retard est 3 longueurs du fauteuil de leader occup\u00e9 par la RSB vainqueur de l\u2019AS FAR (0-1) \u00e0 Rabat. Le WAC qui compte un seul match en moins a r\u00e9trograd\u00e9 \u00e0 la seconde place avec 19 points.<\/p>\n<p>Dans l\u2019ensemble, ce derby casablancais a tenu ses promesses aussi bien sur terrain que sur les gradins m\u00eame si les Rajaouis ont \u00e9t\u00e9 interdits de leurs tifos contrairement aux Wydadis qui ont brandi les leurs.<\/p>\n<p>Seulement une t\u00e2che noire reste \u00e0 signaler en fin de ce derby bafou\u00e9 par le spectre du holiganisme.<\/p>\n<p>Car apr\u00e8s le match des soi-disant supporters des deux clubs se sont affront\u00e9s \u00e0 l\u2019aide de jets de pierres \u00e0 proximit\u00e9 du stade et au niveau de certaines art\u00e8res de la pr\u00e9fecture d\u2019arrondissement Hay-Hassani, causant plusieurs blessures l\u00e9g\u00e8res au sein de 2 \u00e9l\u00e9ments des forces publiques et causant des d\u00e9g\u00e2ts mat\u00e9riels \u00e0 des v\u00e9hicules des forces publiques et \u00e0 d\u2019autres priv\u00e9es.<\/p>\n<p>Plusieurs personnes impliqu\u00e9es dans ces actes de vandalisme ont \u00e9t\u00e9 interpel\u00e9es par les autorit\u00e9s s\u00e9curitaires comp\u00e9tentes.<\/p>\n<p>Voil\u00e0 un ph\u00e9nom\u00e8ne qui dure et perdure dans notre Botola dite professionnelle.<\/p>\n<p>A qui incombe la responsabilit\u00e9\u2026?<\/p>\n<p class=\"c2\"><strong>Rachid Lebchir<\/strong><\/p>\n<p>Auteur: M&rsquo;hammed rahal<br \/>\n<a href=\"http:\/\/albayane.press.ma\/le-raja-domine-le-127e-derby-face-au-wydad.html\">Cliquez ici pour lire l&rsquo;article depuis sa source.<\/a><\/p>\n","protected":false},"excerpt":{"rendered":"<p>Le Raja a confirm\u00e9 son leadership casablancais de la saison. Apr\u00e8s le derby arabe qui lui a donn\u00e9 la qualification aux quarts de finale de la Coupe Mohammed VI gr\u00e2ce \u00e0 une \u00abremontada\u00bb historique (4-4 au match retour et 1-1 en aller), le Raja a confirm\u00e9 son m\u00e9rite en dominant le 3e derby de la [&hellip;]<\/p>\n","protected":false},"author":1760,"featured_media":0,"comment_status":"closed","ping_status":"closed","sticky":false,"template":"","format":"standard","meta":{"fifu_image_url":"","fifu_image_alt":"","footnotes":""},"categories":[73,54],"tags":[],"class_list":["post-71100","post","type-post","status-publish","format-standard","hentry","category-actualite","category-maroc"],"_links":{"self":[{"href":"https:\/\/linitiative.ca\/International\/wp-json\/wp\/v2\/posts\/71100","targetHints":{"allow":["GET"]}}],"collection":[{"href":"https:\/\/linitiative.ca\/International\/wp-json\/wp\/v2\/posts"}],"about":[{"href":"https:\/\/linitiative.ca\/International\/wp-json\/wp\/v2\/types\/post"}],"author":[{"embeddable":true,"href":"https:\/\/linitiative.ca\/International\/wp-json\/wp\/v2\/users\/1760"}],"replies":[{"embeddable":true,"href":"https:\/\/linitiative.ca\/International\/wp-json\/wp\/v2\/comments?post=71100"}],"version-history":[{"count":0,"href":"https:\/\/linitiative.ca\/International\/wp-json\/wp\/v2\/posts\/71100\/revisions"}],"wp:attachment":[{"href":"https:\/\/linitiative.ca\/International\/wp-json\/wp\/v2\/media?parent=71100"}],"wp:term":[{"taxonomy":"category","embeddable":true,"href":"https:\/\/linitiative.ca\/International\/wp-json\/wp\/v2\/categories?post=71100"},{"taxonomy":"post_tag","embeddable":true,"href":"https:\/\/linitiative.ca\/International\/wp-json\/wp\/v2\/tags?post=71100"}],"curies":[{"name":"wp","href":"https:\/\/api.w.org\/{rel}","templated":true}]}}