{"id":71102,"date":"2019-12-24T05:17:48","date_gmt":"2019-12-24T10:17:48","guid":{"rendered":"https:\/\/linitiative.ca\/International\/la-cpi-voudrait-enqueter-sur-les-crimes-de-guerre-commis-par-israel\/"},"modified":"2019-12-24T05:17:48","modified_gmt":"2019-12-24T10:17:48","slug":"la-cpi-voudrait-enqueter-sur-les-crimes-de-guerre-commis-par-israel","status":"publish","type":"post","link":"https:\/\/linitiative.ca\/International\/la-cpi-voudrait-enqueter-sur-les-crimes-de-guerre-commis-par-israel\/","title":{"rendered":"La CPI voudrait enqu\u00eater sur les \u00abcrimes de guerre\u00bb commis par Isra\u00ebl"},"content":{"rendered":"<p class=\"has-text-color has-vivid-cyan-blue-color\"><strong>\u00abJe souhaite annoncer, aujourd\u2019hui, qu\u2019au terme d\u2019un examen pr\u00e9liminaire approfondi, men\u00e9 en toute ind\u00e9pendance et objectivit\u00e9, de l\u2019ensemble des renseignements fiables qui sont en la possession de mon Bureau \u00e0 propos de la situation en Palestine, ce dernier est parvenu \u00e0 la conclusion que tous les crit\u00e8res d\u00e9finis dans le \u00abStatut de Rome\u00bb pour l\u2019ouverture d\u2019une enqu\u00eate \u00e9taient remplis\u00bb.<\/strong><\/p>\n<p>C\u2019est par ces termes que, ce vendredi, Fatou Bensouda, la procureure de la Cour P\u00e9nale Internationale, a entam\u00e9 la d\u00e9claration par laquelle elle annonce l\u2019ouverture d\u2019une enqu\u00eate compl\u00e8te sur les \u00e9ventuels \u00abcrimes de guerre\u00bb perp\u00e9tr\u00e9s dans les territoires palestiniens.<\/p>\n<p>Saluant imm\u00e9diatement la d\u00e9cision prise par la CPI et la qualifiant de \u00abjour sombre dans l\u2019histoire d\u2019Isra\u00ebl\u00bb, Riyad Al Maliki, le ministre palestinien des Affaires \u00e9trang\u00e8res y a vu \u00abune \u00e9tape attendue de longue date dans le processus devant mener \u00e0 une enqu\u00eate, apr\u00e8s pr\u00e8s de cinq longues et difficiles ann\u00e9es d\u2019examen pr\u00e9liminaire\u00bb.<\/p>\n<p>Mais, comme il fallait s\u2019y attendre, cette d\u00e9cision ne pouvait susciter, d\u2019un autre c\u00f4t\u00e9, qu\u2019une importante lev\u00e9e de boucliers de la part de l\u2019Etat d\u2019Isra\u00ebl et de ses protecteurs.<\/p>\n<p>Ainsi, pour le Premier ministre isra\u00e9lien, Fatou Bensouda aurait transform\u00e9 la CPI en un \u00aboutil politique pour d\u00e9l\u00e9gitimer l\u2019Etat d\u2019Isra\u00ebl\u00a0(\u2026) et en crime de guerre le fait que les Juifs vivent dans leur patrie\u00bb. Aussi, a-t-il promis de lutter \u00abde toutes les mani\u00e8res possibles\u00bb pour faire \u00e9clater \u00abla v\u00e9rit\u00e9 historique\u00bb.<\/p>\n<p>Prompt \u00e0 r\u00e9agir, \u00a0comme \u00e0 son accoutum\u00e9e, avec toute la bienveillance et toute la c\u00e9l\u00e9rit\u00e9 requise en cas d\u2019atteinte aux droits \u00e9ternels de l\u2019Etat juif, le grand protecteur am\u00e9ricain s\u2019est imm\u00e9diatement fendu d\u2019un communiqu\u00e9 dans lequel, Mike Pompeo, le chef de sa diplomatie d\u00e9clare s\u2019opposer \u00abfermement \u00e0 toute action qui vise Isra\u00ebl de fa\u00e7on injuste\u00bb et tient \u00e0 pr\u00e9ciser, par ailleurs, qu\u2019en demandant \u00ab\u00a0aux juges de la CPI de confirmer que la Cour pouvait exercer sa juridiction sur la Cisjordanie, J\u00e9rusalem-est et Gaza\u00bb la procureure reconna\u00eet \u00abexpress\u00e9ment qu\u2019il existe des questions l\u00e9gales s\u00e9rieuses sur l\u2019autorit\u00e9 de la CPI \u00e0 proc\u00e9der \u00e0 une enqu\u00eate\u00bb puisque l\u2019Etat isra\u00e9lien n\u2019est pas membre de cette instance et que la Palestine n\u2019y a adh\u00e9r\u00e9 qu\u2019en 2015.<\/p>\n<p>Pour rappel, dans le sillage du massacre qui avait eu lieu \u00e0 Gaza en 2014, Fatou Bensouda avait ouvert, en Janvier 2015, une enqu\u00eate pr\u00e9liminaire sur \u00ab\u00a0les all\u00e9gations de crimes de guerre et de crimes contre l\u2019humanit\u00e9 en Isra\u00ebl et dans les territoires\u00a0\u00bb mais s\u2019\u00e9tait assez vite r\u00e9tract\u00e9e au motif qu\u2019Isra\u00ebl n\u2019est pas membre de la CPI alors qu\u2019en 2018, John Bolton, en sa qualit\u00e9 de conseiller \u00e0 la s\u00e9curit\u00e9 nationale de la Maison Blanche, en \u00e9tait m\u00eame arriv\u00e9 jusqu\u2019\u00e0 menacer de faire arr\u00eater les juges de la Cour P\u00e9nale Internationale s\u2019ils venaient \u00e0 agir contre Isra\u00ebl et les Etats-Unis du moment que ces deux Etats n\u2019en font pas partie.<\/p>\n<p>Enfin, m\u00eame si Benjamin Netanyahou ne peut se pr\u00e9valoir d\u2019aucune \u00abv\u00e9rit\u00e9 historique\u00bb comme il le pr\u00e9tend pour justifier l\u2019occupation des territoires palestiniens, Fatou Bensouda, qui fait face \u00e0 de nombreuses critiques apr\u00e8s que des suspects tr\u00e8s m\u00e9diatis\u00e9s comme Laurent Gbabgo ont \u00e9t\u00e9 lib\u00e9r\u00e9s et dont la mission \u00e0 la t\u00eate de la CPI prendra fin en 2021, risque de se trouver contrainte de faire machine arri\u00e8re et ce, malgr\u00e9 sa d\u00e9claration de vendredi. Alors, attendons pour voir\u2026<\/p>\n<p class=\"c2\"><strong>Nabil El Bousaadi<\/strong><\/p>\n<p>Auteur: M&rsquo;hammed rahal<br \/>\n<a href=\"http:\/\/albayane.press.ma\/la-cpi-voudrait-enqueter-sur-les-crimes-de-guerre-commis-par-israel.html\">Cliquez ici pour lire l&rsquo;article depuis sa source.<\/a><\/p>\n","protected":false},"excerpt":{"rendered":"<p>\u00abJe souhaite annoncer, aujourd\u2019hui, qu\u2019au terme d\u2019un examen pr\u00e9liminaire approfondi, men\u00e9 en toute ind\u00e9pendance et objectivit\u00e9, de l\u2019ensemble des renseignements fiables qui sont en la possession de mon Bureau \u00e0 propos de la situation en Palestine, ce dernier est parvenu \u00e0 la conclusion que tous les crit\u00e8res d\u00e9finis dans le \u00abStatut de Rome\u00bb pour l\u2019ouverture [&hellip;]<\/p>\n","protected":false},"author":1760,"featured_media":0,"comment_status":"closed","ping_status":"closed","sticky":false,"template":"","format":"standard","meta":{"fifu_image_url":"","fifu_image_alt":"","footnotes":""},"categories":[73,54],"tags":[],"class_list":["post-71102","post","type-post","status-publish","format-standard","hentry","category-actualite","category-maroc"],"_links":{"self":[{"href":"https:\/\/linitiative.ca\/International\/wp-json\/wp\/v2\/posts\/71102","targetHints":{"allow":["GET"]}}],"collection":[{"href":"https:\/\/linitiative.ca\/International\/wp-json\/wp\/v2\/posts"}],"about":[{"href":"https:\/\/linitiative.ca\/International\/wp-json\/wp\/v2\/types\/post"}],"author":[{"embeddable":true,"href":"https:\/\/linitiative.ca\/International\/wp-json\/wp\/v2\/users\/1760"}],"replies":[{"embeddable":true,"href":"https:\/\/linitiative.ca\/International\/wp-json\/wp\/v2\/comments?post=71102"}],"version-history":[{"count":0,"href":"https:\/\/linitiative.ca\/International\/wp-json\/wp\/v2\/posts\/71102\/revisions"}],"wp:attachment":[{"href":"https:\/\/linitiative.ca\/International\/wp-json\/wp\/v2\/media?parent=71102"}],"wp:term":[{"taxonomy":"category","embeddable":true,"href":"https:\/\/linitiative.ca\/International\/wp-json\/wp\/v2\/categories?post=71102"},{"taxonomy":"post_tag","embeddable":true,"href":"https:\/\/linitiative.ca\/International\/wp-json\/wp\/v2\/tags?post=71102"}],"curies":[{"name":"wp","href":"https:\/\/api.w.org\/{rel}","templated":true}]}}