{"id":71104,"date":"2019-12-24T05:32:38","date_gmt":"2019-12-24T10:32:38","guid":{"rendered":"https:\/\/linitiative.ca\/International\/union-des-ecrivains-du-maroc-driss-maliani-se-retire\/"},"modified":"2019-12-24T05:32:38","modified_gmt":"2019-12-24T10:32:38","slug":"union-des-ecrivains-du-maroc-driss-maliani-se-retire","status":"publish","type":"post","link":"https:\/\/linitiative.ca\/International\/union-des-ecrivains-du-maroc-driss-maliani-se-retire\/","title":{"rendered":"Union des Ecrivains du Maroc: Driss Maliani se retire!"},"content":{"rendered":"<p class=\"has-text-color has-vivid-cyan-blue-color\"><strong>La discorde au sein de l\u2019Union des Ecrivains du Maroc (UEM) s\u2019enlise\u00a0! Tous les efforts d\u00e9ploy\u00e9s pour sauver l\u2019association semblent vou\u00e9s \u00e0 l\u2019\u00e9chec. L\u2019appel du po\u00e8te et vice-pr\u00e9sident de l\u2019UEM, Driss Maliani, lanc\u00e9 \u00e0 tous les membres du bureau ex\u00e9cutif pour se r\u00e9unir en urgence dimanche 22 d\u00e9cembre, est tomb\u00e9 dans l\u2019oreille d\u2019un sourd.<\/strong><\/p>\n<p>En r\u00e9action \u00e0 cette anarchie et au d\u00e9sordre que vit l\u2019instance depuis plus d\u2019un an, son vice-pr\u00e9sident a d\u00e9cid\u00e9 de se retirer du bureau ex\u00e9cutif et de la \u00abcommission pr\u00e9paratoire \u00e9largie\u00bb charg\u00e9e de pr\u00e9parer le prochain congr\u00e8s, apr\u00e8s le dernier congr\u00e8s qui avait eu lieu \u00e0 Tanger en juin 2018, mais qui avait \u00e9t\u00e9 avort\u00e9.<\/p>\n<p>Les raisons de l\u2019appel de Driss Maliani pour une r\u00e9union urgente sont intervenues dans un contexte o\u00f9 l\u2019UEM est dans une v\u00e9ritable impasse. \u00abL\u2019Union des Ecrivains du Maroc vit aujourd\u2019hui l\u2019une de ses\u00a0 p\u00e9riodes les plus difficiles et critiques depuis sa cr\u00e9ation. Cette organisation est sur le point de disparaitre si rien n\u2019est fait.<\/p>\n<p>Plus d\u2019un an et demi s\u2019est \u00e9coul\u00e9 depuis le dernier congr\u00e8s de Tanger en juin 2018 et 6 mois depuis la cr\u00e9ation de \u00ab la commission pr\u00e9paratoire \u00e9largie\u00bb\u00a0 charg\u00e9e de pr\u00e9parer le prochain congr\u00e8s, chose qui n\u2019a pas \u00e9t\u00e9 faite\u00bb, a-t-il affirm\u00e9. En effet, en Juin 2018, l\u2019UEM avait tenu dans la ville du D\u00e9troit son 19<sup>e<\/sup> congr\u00e8s sous le th\u00e8me \u00abVers un nouvel horizon organisationnel et culturel\u00bb.<\/p>\n<p>Malgr\u00e9 la tenue de la c\u00e9r\u00e9monie d\u2019ouverture, les travaux dudit congr\u00e8s avaient finalement \u00e9t\u00e9 suspendus en raison de diff\u00e9rences et conflits entre les membres du bureau ex\u00e9cutif et certains \u00e9crivains. Depuis, l\u2019Union est dans l\u2019incertitude\u00a0et l\u2019impasse totale!<\/p>\n<p>L\u2019UEM est aujourd\u2019hui\u00a0 dans de mauvais draps et son avenir reste incertain et ambigu. \u00abCeux qui ont avort\u00e9 et bloqu\u00e9 le congr\u00e8s de Tanger doivent assumer leurs responsabilit\u00e9s face \u00e0 cette organisation et son histoire\u00bb, a pr\u00e9cis\u00e9 Driss Maliani dans le communiqu\u00e9 de presse. Plusieurs questions restent pour l\u2019instant sans r\u00e9ponse.<\/p>\n<p>Que reste-il aujourd\u2019hui de cette association qui a beaucoup apport\u00e9 au paysage culturel national\u00a0? Quel avenir pour l\u2019UEM\u00a0? Pour le moins que l\u2019on puisse dire pour l\u2019instant, c\u2019est que l\u2019Union des \u00e9crivains a laiss\u00e9 place \u00e0 la d\u00e9sunion.<\/p>\n<p class=\"c2\"><strong>Mohamed Nait Youssef<\/strong><\/p>\n<p>Auteur: M&rsquo;hammed rahal<br \/>\n<a href=\"http:\/\/albayane.press.ma\/union-des-ecrivains-du-maroc-driss-maliani-se-retire.html\">Cliquez ici pour lire l&rsquo;article depuis sa source.<\/a><\/p>\n","protected":false},"excerpt":{"rendered":"<p>La discorde au sein de l\u2019Union des Ecrivains du Maroc (UEM) s\u2019enlise\u00a0! Tous les efforts d\u00e9ploy\u00e9s pour sauver l\u2019association semblent vou\u00e9s \u00e0 l\u2019\u00e9chec. L\u2019appel du po\u00e8te et vice-pr\u00e9sident de l\u2019UEM, Driss Maliani, lanc\u00e9 \u00e0 tous les membres du bureau ex\u00e9cutif pour se r\u00e9unir en urgence dimanche 22 d\u00e9cembre, est tomb\u00e9 dans l\u2019oreille d\u2019un sourd. En [&hellip;]<\/p>\n","protected":false},"author":1760,"featured_media":0,"comment_status":"closed","ping_status":"closed","sticky":false,"template":"","format":"standard","meta":{"fifu_image_url":"","fifu_image_alt":"","footnotes":""},"categories":[73,54],"tags":[],"class_list":["post-71104","post","type-post","status-publish","format-standard","hentry","category-actualite","category-maroc"],"_links":{"self":[{"href":"https:\/\/linitiative.ca\/International\/wp-json\/wp\/v2\/posts\/71104","targetHints":{"allow":["GET"]}}],"collection":[{"href":"https:\/\/linitiative.ca\/International\/wp-json\/wp\/v2\/posts"}],"about":[{"href":"https:\/\/linitiative.ca\/International\/wp-json\/wp\/v2\/types\/post"}],"author":[{"embeddable":true,"href":"https:\/\/linitiative.ca\/International\/wp-json\/wp\/v2\/users\/1760"}],"replies":[{"embeddable":true,"href":"https:\/\/linitiative.ca\/International\/wp-json\/wp\/v2\/comments?post=71104"}],"version-history":[{"count":0,"href":"https:\/\/linitiative.ca\/International\/wp-json\/wp\/v2\/posts\/71104\/revisions"}],"wp:attachment":[{"href":"https:\/\/linitiative.ca\/International\/wp-json\/wp\/v2\/media?parent=71104"}],"wp:term":[{"taxonomy":"category","embeddable":true,"href":"https:\/\/linitiative.ca\/International\/wp-json\/wp\/v2\/categories?post=71104"},{"taxonomy":"post_tag","embeddable":true,"href":"https:\/\/linitiative.ca\/International\/wp-json\/wp\/v2\/tags?post=71104"}],"curies":[{"name":"wp","href":"https:\/\/api.w.org\/{rel}","templated":true}]}}