{"id":71105,"date":"2019-12-24T09:33:49","date_gmt":"2019-12-24T14:33:49","guid":{"rendered":"https:\/\/linitiative.ca\/International\/justice-transitionnelle-report-du-proces-contre-le-projet-bizerte-cap-3000\/"},"modified":"2019-12-24T09:33:49","modified_gmt":"2019-12-24T14:33:49","slug":"justice-transitionnelle-report-du-proces-contre-le-projet-bizerte-cap-3000","status":"publish","type":"post","link":"https:\/\/linitiative.ca\/International\/justice-transitionnelle-report-du-proces-contre-le-projet-bizerte-cap-3000\/","title":{"rendered":"Justice transitionnelle : Report du proc\u00e8s contre le projet Bizerte Cap 3000"},"content":{"rendered":"<p>La Cour p\u00e9nale de justice transitionnelle de Bizerte a report\u00e9 lundi au 24 f\u00e9vrier 2020 la premi\u00e8re audience, qui devait avoir lieu au Tribunal de premi\u00e8re instance de la ville, concernant la plainte d\u2019un certain nombre de composantes de la soci\u00e9t\u00e9 civile contre le projet Bizerte Cap 3000 (Marina). Elle sera pr\u00e9c\u00e9d\u00e9e d\u2019une session de bureau le 21 f\u00e9vrier de la m\u00eame ann\u00e9e, afin de permettre aux autres plaignants, repr\u00e9sentants des agences de l\u2019Etat et individus accus\u00e9s, d\u2019y assister. La premi\u00e8re audience s\u2019est d\u00e9roul\u00e9e lundi en pr\u00e9sence des composantes sociales, repr\u00e9sentant la partie plaignante, des repr\u00e9sentants de la d\u00e9fense, en plus du repr\u00e9sentant l\u00e9gal de la municipalit\u00e9 de Bizerte et de son avocat, d\u2019un certain nombre de composantes communautaires de soutien et du d\u00e9put\u00e9 Ahmed Mouha. Assistaient \u00e9galement \u00e0 l\u2019audience l\u2019ex-d\u00e9put\u00e9 Ali Lakhoua, outre l\u2019actuel maire de Bizerte, Kamal Ben Amara, le doyen des activistes des droits de l\u2019Homme, Ali ben Salem, ex-d\u00e9put\u00e9 \u00e0 l\u2019ARP, et un grand nombre de militants des composantes de la soci\u00e9t\u00e9 civile et des personnalit\u00e9s politiques. Les plaignants ont fait valoir que la question de la \u00ab Marina Bizerte \u00bb n\u2019est pas un cas de litige entre individus, autant qu\u2019il s\u2019agit d\u2019un cas de corruption de l\u2019Etat, dont les repr\u00e9sentants \u00e9taient tenus de pr\u00e9server les int\u00e9r\u00eats du pays \u00bb, appelant le tribunal \u00ab au d\u00e9mant\u00e8lement des tentacules de la corruption \u00bb et \u00e0 la n\u00e9cessit\u00e9 de voir \u00ab l\u2019Etat retrouver son droit vol\u00e9 \u00bb. Ils ont estim\u00e9 que leur cause \u00ab \u00e9tait celle de la lutte d\u2019un peuple contre un syst\u00e8me de corruption qui rongeait le pays et a tent\u00e9 de porter pr\u00e9judice aux droits de la ville, avant que la r\u00e9volution du 14 janvier ne rende le droit \u00bb \u00e0 ceux qui le revendiquent. Dans ce contexte, les plaignants ont \u00e9num\u00e9r\u00e9 les r\u00e9percussions n\u00e9fastes du projet sur le milieu marin et le patrimoine de la r\u00e9gion, en pillant et en volant les antiquit\u00e9s de la r\u00e9gion, en attaquant le domaine public marin et en essayant de le vendre, privant les p\u00eacheurs de leur source de subsistance et \u00e9galement les clubs sportifs et les jeunes de leur droit d\u2019exercer leurs sports nautiques. Ils ont accus\u00e9 les b\u00e9n\u00e9ficiaires du projet d\u2019avoir contourn\u00e9 les textes juridiques concernant la concession du \u00ab Nautilus \u00bb, en le transformant d\u2019un projet touristique en projet immobilier qui a endommag\u00e9 le p\u00e9rim\u00e8tre des remparts de la ville, apr\u00e8s avoir refus\u00e9 de l\u2019enregistrer par l\u2019UNESCO, et privant la municipalit\u00e9 et la r\u00e9gion de revenus \u00e9quivalents \u00e0 2 Millions de dinars. L\u2019affaire avait \u00e9t\u00e9 examin\u00e9e par l\u2019Instance V\u00e9rit\u00e9 et Dignit\u00e9, avant de d\u00e9cider de d\u00e9f\u00e9rer le dossier au Tribunal correctionnel pour la justice transitionnelle du Tribunal de premi\u00e8re instance de Bizerte le 30 d\u00e9cembre 2018. Ils ont fait valoir que l\u2019IVD n\u2019a pas pu achever les travaux d\u2019enqu\u00eate, en raison du manque de documentation et de preuves devant \u00eatre pourvus dans les d\u00e9lais aupr\u00e8s des minist\u00e8res et des organes auxquels la violation est imput\u00e9e, malgr\u00e9 la communication de plusieurs courriers du pr\u00e9sident de l\u2019Instance. Le projet \u00ab Marina Bizerte \u00bb (Cap 3000) a \u00e9t\u00e9 suspendu depuis la pose de la premi\u00e8re pierre en 2009, avant que la pression populaire et civile ne s\u2019intensifie imm\u00e9diatement apr\u00e8s la r\u00e9volution du 14 janvier, avec plusieurs mouvements de protestation pacifiques pour demander aux diff\u00e9rentes agences responsables de r\u00e9cup\u00e9rer \u00ab le droit de la r\u00e9gion spoli\u00e9 \u00bb et \u00ab de r\u00e9v\u00e9ler les circonstances et les responsables de la corruption autour de ce projet \u00bb.<\/p>\n<p class=\"dpsp-share-text\">Partager c&rsquo;est aimer!<\/p>\n<div class=\"wp-post-author-wrap wp-post-author-shortcode left\">\n<h3 class=\"awpa-title\"\/>\n<div class=\"wp-post-author\">\n<div class=\"awpa-img awpa-author-block square\"><a href=\"http:\/\/lexpertjournal.net\/fr\/author\/expert\/\"><img loading=\"lazy\" decoding=\"async\" alt=\"\" src=\"http:\/\/0.gravatar.com\/avatar\/c828f0b17d24309f0d01a4eac3747085?s=150&#038;d=mm&#038;r=g\" srcset=\"http:\/\/0.gravatar.com\/avatar\/c828f0b17d24309f0d01a4eac3747085?s=300&#038;d=mm&#038;r=g 2x\" class=\"avatar avatar-150 photo\" height=\"150\" width=\"150\"\/><\/a><\/div>\n<\/div>\n<\/div>\n<p>Auteur: L&rsquo;expert<br \/>\n<a href=\"http:\/\/lexpertjournal.net\/fr\/2019\/12\/24\/justice-transitionnelle-report-du-proces-contre-le-projet-bizerte-cap-3000\/\">Cliquez ici pour lire l&rsquo;article depuis sa source.<\/a><\/p>\n","protected":false},"excerpt":{"rendered":"<p>La Cour p\u00e9nale de justice transitionnelle de Bizerte a report\u00e9 lundi au 24 f\u00e9vrier 2020 la premi\u00e8re audience, qui devait avoir lieu au Tribunal de premi\u00e8re instance de la ville, concernant la plainte d\u2019un certain nombre de composantes de la soci\u00e9t\u00e9 civile contre le projet Bizerte Cap 3000 (Marina). Elle sera pr\u00e9c\u00e9d\u00e9e d\u2019une session de [&hellip;]<\/p>\n","protected":false},"author":1775,"featured_media":0,"comment_status":"closed","ping_status":"closed","sticky":false,"template":"","format":"standard","meta":{"fifu_image_url":"","fifu_image_alt":"","footnotes":""},"categories":[78,55],"tags":[],"class_list":["post-71105","post","type-post","status-publish","format-standard","hentry","category-economie","category-tunisie"],"_links":{"self":[{"href":"https:\/\/linitiative.ca\/International\/wp-json\/wp\/v2\/posts\/71105","targetHints":{"allow":["GET"]}}],"collection":[{"href":"https:\/\/linitiative.ca\/International\/wp-json\/wp\/v2\/posts"}],"about":[{"href":"https:\/\/linitiative.ca\/International\/wp-json\/wp\/v2\/types\/post"}],"author":[{"embeddable":true,"href":"https:\/\/linitiative.ca\/International\/wp-json\/wp\/v2\/users\/1775"}],"replies":[{"embeddable":true,"href":"https:\/\/linitiative.ca\/International\/wp-json\/wp\/v2\/comments?post=71105"}],"version-history":[{"count":0,"href":"https:\/\/linitiative.ca\/International\/wp-json\/wp\/v2\/posts\/71105\/revisions"}],"wp:attachment":[{"href":"https:\/\/linitiative.ca\/International\/wp-json\/wp\/v2\/media?parent=71105"}],"wp:term":[{"taxonomy":"category","embeddable":true,"href":"https:\/\/linitiative.ca\/International\/wp-json\/wp\/v2\/categories?post=71105"},{"taxonomy":"post_tag","embeddable":true,"href":"https:\/\/linitiative.ca\/International\/wp-json\/wp\/v2\/tags?post=71105"}],"curies":[{"name":"wp","href":"https:\/\/api.w.org\/{rel}","templated":true}]}}