{"id":71109,"date":"2019-12-24T09:41:00","date_gmt":"2019-12-24T14:41:00","guid":{"rendered":"https:\/\/linitiative.ca\/International\/les-oleiculteurs-mecontents-a-kairouan-colere-a-cause-de-la-baisse-des-prix-des-olives\/"},"modified":"2019-12-24T09:41:00","modified_gmt":"2019-12-24T14:41:00","slug":"les-oleiculteurs-mecontents-a-kairouan-colere-a-cause-de-la-baisse-des-prix-des-olives","status":"publish","type":"post","link":"https:\/\/linitiative.ca\/International\/les-oleiculteurs-mecontents-a-kairouan-colere-a-cause-de-la-baisse-des-prix-des-olives\/","title":{"rendered":"Les ol\u00e9iculteurs m\u00e9contents \u00e0 Kairouan\u00a0: Col\u00e8re \u00e0 cause de la baisse des prix des olives"},"content":{"rendered":"<p>Des agriculteurs et des propri\u00e9taires d\u2019huileries \u00e0 Kairouan ont observ\u00e9, lundi, un sit-in devant le si\u00e8ge des Recettes de Finances dans la r\u00e9gion pour protester contre la baisse des prix d\u2019olives. Ils appellent les autorit\u00e9s concern\u00e9es \u00e0 une r\u00e9vision des prix, mena\u00e7ant de poursuivre et d\u2019intensifier leur mouvement jusqu\u2019\u00e0 la satisfaction de leurs revendications. Les prix actuels des olives ne couvrent pas les co\u00fbts de production, de cueillette et d\u2019extraction des olives ni les pertes subies par l\u2019agriculteur au cours de la saison agricole, a affirm\u00e9 un ol\u00e9iculteur. Il a soulign\u00e9 que les agriculteurs de la r\u00e9gion rejettent les prix de vente de l\u2019huile d\u2019olive fix\u00e9s par les autorit\u00e9s \u00e0 5600 le litre d\u2019huile d\u2019olive et proposent un prix d\u2019au moins 7,5 dinars le litre, compte tenu du co\u00fbt \u00e9lev\u00e9 de production. Des communiqu\u00e9s ont \u00e9t\u00e9 publi\u00e9s par l\u2019Union Locale du Travail \u00e0 Hajeb Laayoun et le syndicat des agriculteurs pour soutenir ce mouvement de protestation.<\/p>\n<p class=\"dpsp-share-text\">Partager c&rsquo;est aimer!<\/p>\n<div class=\"wp-post-author-wrap wp-post-author-shortcode left\">\n<h3 class=\"awpa-title\"\/>\n<div class=\"wp-post-author\">\n<div class=\"awpa-img awpa-author-block square\"><a href=\"http:\/\/lexpertjournal.net\/fr\/author\/expert\/\"><img loading=\"lazy\" decoding=\"async\" alt=\"\" src=\"http:\/\/0.gravatar.com\/avatar\/c828f0b17d24309f0d01a4eac3747085?s=150&#038;d=mm&#038;r=g\" srcset=\"http:\/\/0.gravatar.com\/avatar\/c828f0b17d24309f0d01a4eac3747085?s=300&#038;d=mm&#038;r=g 2x\" class=\"avatar avatar-150 photo\" height=\"150\" width=\"150\"\/><\/a><\/div>\n<\/div>\n<\/div>\n<p>Auteur: L&rsquo;expert<br \/>\n<a href=\"http:\/\/lexpertjournal.net\/fr\/2019\/12\/24\/les-oleiculteurs-mecontents-a-kairouan-colere-a-cause-de-la-baisse-des-prix-des-olives\/\">Cliquez ici pour lire l&rsquo;article depuis sa source.<\/a><\/p>\n","protected":false},"excerpt":{"rendered":"<p>Des agriculteurs et des propri\u00e9taires d\u2019huileries \u00e0 Kairouan ont observ\u00e9, lundi, un sit-in devant le si\u00e8ge des Recettes de Finances dans la r\u00e9gion pour protester contre la baisse des prix d\u2019olives. Ils appellent les autorit\u00e9s concern\u00e9es \u00e0 une r\u00e9vision des prix, mena\u00e7ant de poursuivre et d\u2019intensifier leur mouvement jusqu\u2019\u00e0 la satisfaction de leurs revendications. Les [&hellip;]<\/p>\n","protected":false},"author":1775,"featured_media":0,"comment_status":"closed","ping_status":"closed","sticky":false,"template":"","format":"standard","meta":{"fifu_image_url":"","fifu_image_alt":"","footnotes":""},"categories":[78,55],"tags":[],"class_list":["post-71109","post","type-post","status-publish","format-standard","hentry","category-economie","category-tunisie"],"_links":{"self":[{"href":"https:\/\/linitiative.ca\/International\/wp-json\/wp\/v2\/posts\/71109","targetHints":{"allow":["GET"]}}],"collection":[{"href":"https:\/\/linitiative.ca\/International\/wp-json\/wp\/v2\/posts"}],"about":[{"href":"https:\/\/linitiative.ca\/International\/wp-json\/wp\/v2\/types\/post"}],"author":[{"embeddable":true,"href":"https:\/\/linitiative.ca\/International\/wp-json\/wp\/v2\/users\/1775"}],"replies":[{"embeddable":true,"href":"https:\/\/linitiative.ca\/International\/wp-json\/wp\/v2\/comments?post=71109"}],"version-history":[{"count":0,"href":"https:\/\/linitiative.ca\/International\/wp-json\/wp\/v2\/posts\/71109\/revisions"}],"wp:attachment":[{"href":"https:\/\/linitiative.ca\/International\/wp-json\/wp\/v2\/media?parent=71109"}],"wp:term":[{"taxonomy":"category","embeddable":true,"href":"https:\/\/linitiative.ca\/International\/wp-json\/wp\/v2\/categories?post=71109"},{"taxonomy":"post_tag","embeddable":true,"href":"https:\/\/linitiative.ca\/International\/wp-json\/wp\/v2\/tags?post=71109"}],"curies":[{"name":"wp","href":"https:\/\/api.w.org\/{rel}","templated":true}]}}