{"id":71118,"date":"2019-12-24T10:17:27","date_gmt":"2019-12-24T15:17:27","guid":{"rendered":"https:\/\/linitiative.ca\/International\/un-journal-autrichien-met-en-avant-les-atouts-touristiques-de-marrakech\/"},"modified":"2019-12-24T10:17:27","modified_gmt":"2019-12-24T15:17:27","slug":"un-journal-autrichien-met-en-avant-les-atouts-touristiques-de-marrakech","status":"publish","type":"post","link":"https:\/\/linitiative.ca\/International\/un-journal-autrichien-met-en-avant-les-atouts-touristiques-de-marrakech\/","title":{"rendered":"Un journal autrichien met en avant les atouts touristiques de Marrakech"},"content":{"rendered":"<div readability=\"35\">\n<p>Vienne \u2013 Le journal autrichien \u00abKurier\u00bb a mis en avant les atouts touristiques et la richesse civilisationnelle de la ville de Marrakech, affirmant que la cit\u00e9 ocre offre \u00a0\u00bbun voyage de mille et une nuit empli de couleurs et de go\u00fbts luxueux\u00a0\u00bb.<\/p>\n<\/div>\n<div readability=\"73\">\n<p>\u00ab Marrakech est incontestablement l\u2019incarnation parfaite de l\u2019Orient enchanteur, avec ses go\u00fbts somptueux, ses couleurs vives et ses parfums captivants \u00e9manant des souks et des ruelles antiques \u00bb, \u00e9crit le journal dans un article illustr\u00e9 de photos publi\u00e9 dans la rubrique \u00ab Voyage et divertissement \u00bb.<\/p>\n<p>Le journal \u00e9voque \u00ab la magie des riads de Marrakech, avec leurs styles architecturaux anciens illustrant la richesse culturelle et civilisationnelle du Royaume, leurs arches d\u00e9cor\u00e9s, la hauteur de leurs portes et l\u2019amplitude de leurs patios, outre la vue imprenable sur la ville ancienne \u00bb, ajoutant que de multiples riads sont aujourd\u2019hui transform\u00e9s en h\u00f4tels et en restaurants qui accueillent des visiteurs des quatre coins du monde.<\/p>\n<p>\u00c9voquant la partie moderne de la ville, le quotidien rel\u00e8ve ses grands avenues ainsi que l\u2019harmonie des immeubles avec leur couleur ocre et les boutiques modernes, outre la multitude de motocyclettes et de bicyclettes qui constituent un moyen de transport populaire dans la ville.<\/p>\n<p>A cet \u00e9gard, l\u2019article cite l\u2019exp\u00e9rience de la jeune Zahra qui g\u00e8re un projet n\u00e9erlandais \u00ab Pikala Bikes \u00bb visant \u00e0 promouvoir la d\u00e9couverte de la magie de la ville ocre \u00e0 travers des circuits \u00e0 v\u00e9lo, et \u00e0 faire participer les jeunes de la ville au tourisme \u00e9cologique.<\/p>\n<p>Le quotidien s\u2019int\u00e9resse \u00e9galement \u00e0 des coop\u00e9ratives f\u00e9minines situ\u00e9es au sud de la ville, sur la route d\u2019Agadir, au milieu des montagnes de l\u2019Atlas o\u00f9 la nature est vierge et le d\u00e9sert est chaleureux, produisant la c\u00e9l\u00e8bre huile d\u2019Argan.<\/p>\n<p>\u00ab La production de l\u2019huile d\u2019Argan n\u2019est pas seulement une activit\u00e9 g\u00e9n\u00e9ratrice de revenus pour ces femmes, mais elle constitue \u00e9galement un moyen de pr\u00e9server les coutumes locales et une contribution g\u00e9n\u00e9reuse \u00e0 l\u2019industrie de la beaut\u00e9 \u00bb, \u00e9crit le quotidien.<\/p>\n<\/div>\n<p>Auteur: Meriem IGASS<br \/>\n<a href=\"http:\/\/www.mapmarrakech.ma\/fr\/un-journal\/\">Cliquez ici pour lire l&rsquo;article depuis sa source.<\/a><\/p>\n","protected":false},"excerpt":{"rendered":"<p>Vienne \u2013 Le journal autrichien \u00abKurier\u00bb a mis en avant les atouts touristiques et la richesse civilisationnelle de la ville de Marrakech, affirmant que la cit\u00e9 ocre offre \u00a0\u00bbun voyage de mille et une nuit empli de couleurs et de go\u00fbts luxueux\u00a0\u00bb. \u00ab Marrakech est incontestablement l\u2019incarnation parfaite de l\u2019Orient enchanteur, avec ses go\u00fbts somptueux, [&hellip;]<\/p>\n","protected":false},"author":1788,"featured_media":0,"comment_status":"closed","ping_status":"closed","sticky":false,"template":"","format":"standard","meta":{"fifu_image_url":"","fifu_image_alt":"","footnotes":""},"categories":[54,76],"tags":[],"class_list":["post-71118","post","type-post","status-publish","format-standard","hentry","category-maroc","category-regions"],"_links":{"self":[{"href":"https:\/\/linitiative.ca\/International\/wp-json\/wp\/v2\/posts\/71118","targetHints":{"allow":["GET"]}}],"collection":[{"href":"https:\/\/linitiative.ca\/International\/wp-json\/wp\/v2\/posts"}],"about":[{"href":"https:\/\/linitiative.ca\/International\/wp-json\/wp\/v2\/types\/post"}],"author":[{"embeddable":true,"href":"https:\/\/linitiative.ca\/International\/wp-json\/wp\/v2\/users\/1788"}],"replies":[{"embeddable":true,"href":"https:\/\/linitiative.ca\/International\/wp-json\/wp\/v2\/comments?post=71118"}],"version-history":[{"count":0,"href":"https:\/\/linitiative.ca\/International\/wp-json\/wp\/v2\/posts\/71118\/revisions"}],"wp:attachment":[{"href":"https:\/\/linitiative.ca\/International\/wp-json\/wp\/v2\/media?parent=71118"}],"wp:term":[{"taxonomy":"category","embeddable":true,"href":"https:\/\/linitiative.ca\/International\/wp-json\/wp\/v2\/categories?post=71118"},{"taxonomy":"post_tag","embeddable":true,"href":"https:\/\/linitiative.ca\/International\/wp-json\/wp\/v2\/tags?post=71118"}],"curies":[{"name":"wp","href":"https:\/\/api.w.org\/{rel}","templated":true}]}}