{"id":71120,"date":"2019-12-24T11:20:38","date_gmt":"2019-12-24T16:20:38","guid":{"rendered":"https:\/\/linitiative.ca\/International\/transport-ferroviaire-la-ligne-oran-saida-dotee-dun-train-coradia\/"},"modified":"2019-12-24T11:20:38","modified_gmt":"2019-12-24T16:20:38","slug":"transport-ferroviaire-la-ligne-oran-saida-dotee-dun-train-coradia","status":"publish","type":"post","link":"https:\/\/linitiative.ca\/International\/transport-ferroviaire-la-ligne-oran-saida-dotee-dun-train-coradia\/","title":{"rendered":"Transport ferroviaire: la ligne Oran-Saida dot\u00e9e d&rsquo;un train Coradia"},"content":{"rendered":"<p><span class=\"sp-nh-title\">Le MDN publie sur son site officiel une synth\u00e8se des discours de feu Ga\u00efd Salah<\/span> &#8211; <span class=\"sp-nh-date\">mardi 24 d\u00e9cembre 2019 19:43<\/span><\/p>\n<p><span class=\"sp-nh-title\">Exportation: le renforcement de la capacit\u00e9 concurrentielle tributaire de la lev\u00e9e des obstacles logistiques<\/span> &#8211; <span class=\"sp-nh-date\">mardi 24 d\u00e9cembre 2019 19:26<\/span><\/p>\n<p><span class=\"sp-nh-title\">Des citoyens saluent le r\u00f4le du moudjahid Ahmed Ga\u00efd Salah pour avoir men\u00e9 le pays \u00e0 bon port<\/span> &#8211; <span class=\"sp-nh-date\">mardi 24 d\u00e9cembre 2019 19:11<\/span><\/p>\n<p><span class=\"sp-nh-title\">Mondial de vovinam viet vo dao\/Alg\u00e9rie: nous avons rat\u00e9 la 2e place<\/span> &#8211; <span class=\"sp-nh-date\">mardi 24 d\u00e9cembre 2019 19:03<\/span><\/p>\n<p><span class=\"sp-nh-title\">Accidents de la route: Alger en t\u00eate du classement au niveau national en 2019<\/span> &#8211; <span class=\"sp-nh-date\">mardi 24 d\u00e9cembre 2019 18:57<\/span><\/p>\n<p><span class=\"sp-nh-title\">Halt\u00e9rophilie-Tournoi de Qatar: Bidani d\u00e9croche deux m\u00e9dailles<\/span> &#8211; <span class=\"sp-nh-date\">mardi 24 d\u00e9cembre 2019 18:46<\/span><\/p>\n<p><span class=\"sp-nh-title\">Pr\u00e9sidentielle: le pr\u00e9sident Tebboune re\u00e7oit les f\u00e9licitations de plusieurs souverains et chefs d&rsquo;Etats<\/span> &#8211; <span class=\"sp-nh-date\">mardi 24 d\u00e9cembre 2019 18:44<\/span><\/p>\n<p><span class=\"sp-nh-title\">D\u00e9c\u00e8s de Ga\u00efd Salah-Condol\u00e9ances: importante affluence des citoyens \u00e0 Blida et Djelfa<\/span> &#8211; <span class=\"sp-nh-date\">mardi 24 d\u00e9cembre 2019 18:33<\/span><\/p>\n<p><span class=\"sp-nh-title\">D\u00e9c\u00e8s de Ga\u00efd Salah: des Annabis dressent une tente g\u00e9ante et ouvrent un registre de condol\u00e9ances<\/span> &#8211; <span class=\"sp-nh-date\">mardi 24 d\u00e9cembre 2019 18:31<\/span><\/p>\n<p><span class=\"sp-nh-title\">Le pr\u00e9sident Tebboune re\u00e7oit les f\u00e9licitations de plusieurs chefs d&rsquo;Etat<\/span> &#8211; <span class=\"sp-nh-date\">mardi 24 d\u00e9cembre 2019 18:11<\/span><\/p>\n<p><span class=\"sp-nh-title\">D\u00e9c\u00e8s de Ga\u00efd Salah: le Moudjahid s\u2019est distingu\u00e9, tout au long de son parcours r\u00e9volutionnaire et militaire, par son sacrifice, patriotisme et fid\u00e9lit\u00e9<\/span> &#8211; <span class=\"sp-nh-date\">mardi 24 d\u00e9cembre 2019 18:00<\/span><\/p>\n<p><span class=\"sp-nh-title\">Des partis politiques et des organisations nationales saluent les hauts faits du d\u00e9funt Ahmed Ga\u00efd Salah<\/span> &#8211; <span class=\"sp-nh-date\">mardi 24 d\u00e9cembre 2019 17:50<\/span><\/p>\n<p><span class=\"sp-nh-title\">Wilayas de l\u2019Est: les citoyens affluent vers les assembl\u00e9es de condol\u00e9ances du d\u00e9funt Ahmed Ga\u00efd Salah<\/span> &#8211; <span class=\"sp-nh-date\">mardi 24 d\u00e9cembre 2019 17:45<\/span><\/p>\n<p><span class=\"sp-nh-title\">Le pr\u00e9sident Poutine exprime ses sinc\u00e8res f\u00e9licitations au pr\u00e9sident Tebboune<\/span> &#8211; <span class=\"sp-nh-date\">mardi 24 d\u00e9cembre 2019 17:39<\/span><\/p>\n<p><span class=\"sp-nh-title\">D\u00e9c\u00e8s de Ga\u00efd Salah: l&rsquo;ambassadeur am\u00e9ricain pr\u00e9sente ses condol\u00e9ances<\/span> &#8211; <span class=\"sp-nh-date\">mardi 24 d\u00e9cembre 2019 17:37<\/span><\/p>\n<p><span class=\"sp-nh-title\">5e RM\/d\u00e9c\u00e8s Ga\u00efd Salah: des citoyens signent le registre de condol\u00e9ance ouvert au Centre d&rsquo;information<\/span> &#8211; <span class=\"sp-nh-date\">mardi 24 d\u00e9cembre 2019 17:29<\/span><\/p>\n<p><span class=\"sp-nh-title\">Transport ferroviaire: la ligne Oran-Saida dot\u00e9e d&rsquo;un train Coradia<\/span> &#8211; <span class=\"sp-nh-date\">mardi 24 d\u00e9cembre 2019 17:20<\/span><\/p>\n<p><span class=\"sp-nh-title\">Centre d\u2019information territoriale d\u2019Oran: des citoyens affluent pour pr\u00e9senter leurs condol\u00e9ances<\/span> &#8211; <span class=\"sp-nh-date\">mardi 24 d\u00e9cembre 2019 17:17<\/span><\/p>\n<p><span class=\"sp-nh-title\">Souk El Tenine: signature de la convention de restructuration du chef-lieu de la commune<\/span> &#8211; <span class=\"sp-nh-date\">mardi 24 d\u00e9cembre 2019 17:13<\/span><\/p>\n<p><span class=\"sp-nh-title\">Congr\u00e8s du Polisario: poursuite des travaux, \u00e9lection des membres du secr\u00e9tariat national<\/span> &#8211; <span class=\"sp-nh-date\">mardi 24 d\u00e9cembre 2019 16:43<\/span><\/p>\n<p>Auteur:<br \/>\n<a href=\"http:\/\/www.aps.dz\/regions\/99361-transport-ferroviaire-la-ligne-oran-saida-dotee-d-un-train-coradia\">Cliquez ici pour lire l&rsquo;article depuis sa source.<\/a><\/p>\n","protected":false},"excerpt":{"rendered":"<p>Le MDN publie sur son site officiel une synth\u00e8se des discours de feu Ga\u00efd Salah &#8211; mardi 24 d\u00e9cembre 2019 19:43 Exportation: le renforcement de la capacit\u00e9 concurrentielle tributaire de la lev\u00e9e des obstacles logistiques &#8211; mardi 24 d\u00e9cembre 2019 19:26 Des citoyens saluent le r\u00f4le du moudjahid Ahmed Ga\u00efd Salah pour avoir men\u00e9 le [&hellip;]<\/p>\n","protected":false},"author":1790,"featured_media":0,"comment_status":"closed","ping_status":"closed","sticky":false,"template":"","format":"standard","meta":{"fifu_image_url":"","fifu_image_alt":"","footnotes":""},"categories":[53,76],"tags":[],"class_list":["post-71120","post","type-post","status-publish","format-standard","hentry","category-algerie","category-regions"],"_links":{"self":[{"href":"https:\/\/linitiative.ca\/International\/wp-json\/wp\/v2\/posts\/71120","targetHints":{"allow":["GET"]}}],"collection":[{"href":"https:\/\/linitiative.ca\/International\/wp-json\/wp\/v2\/posts"}],"about":[{"href":"https:\/\/linitiative.ca\/International\/wp-json\/wp\/v2\/types\/post"}],"author":[{"embeddable":true,"href":"https:\/\/linitiative.ca\/International\/wp-json\/wp\/v2\/users\/1790"}],"replies":[{"embeddable":true,"href":"https:\/\/linitiative.ca\/International\/wp-json\/wp\/v2\/comments?post=71120"}],"version-history":[{"count":0,"href":"https:\/\/linitiative.ca\/International\/wp-json\/wp\/v2\/posts\/71120\/revisions"}],"wp:attachment":[{"href":"https:\/\/linitiative.ca\/International\/wp-json\/wp\/v2\/media?parent=71120"}],"wp:term":[{"taxonomy":"category","embeddable":true,"href":"https:\/\/linitiative.ca\/International\/wp-json\/wp\/v2\/categories?post=71120"},{"taxonomy":"post_tag","embeddable":true,"href":"https:\/\/linitiative.ca\/International\/wp-json\/wp\/v2\/tags?post=71120"}],"curies":[{"name":"wp","href":"https:\/\/api.w.org\/{rel}","templated":true}]}}