{"id":71121,"date":"2019-12-24T11:29:17","date_gmt":"2019-12-24T16:29:17","guid":{"rendered":"https:\/\/linitiative.ca\/International\/5e-rm-deces-gaid-salah-des-citoyens-signent-le-registre-de-condoleance-ouvert-au-centre-dinformation\/"},"modified":"2019-12-24T11:29:17","modified_gmt":"2019-12-24T16:29:17","slug":"5e-rm-deces-gaid-salah-des-citoyens-signent-le-registre-de-condoleance-ouvert-au-centre-dinformation","status":"publish","type":"post","link":"https:\/\/linitiative.ca\/International\/5e-rm-deces-gaid-salah-des-citoyens-signent-le-registre-de-condoleance-ouvert-au-centre-dinformation\/","title":{"rendered":"5e RM\/d\u00e9c\u00e8s Ga\u00efd Salah: des citoyens signent le registre de condol\u00e9ance ouvert au Centre d&rsquo;information"},"content":{"rendered":"<div readability=\"39\">\n<p><strong>CONSTANTINE &#8211; Des dizaines de citoyens ont afflu\u00e9 au Centre d&rsquo;information territorial, chahid \u00ab\u00a0Aboud Belhimer\u00a0\u00bb de la 5\u00e8me R\u00e9gion militaire de Constantine pour pr\u00e9senter leur condol\u00e9ances suite au d\u00e9c\u00e8s du g\u00e9n\u00e9ral de corps d&rsquo;arm\u00e9e, Ahmed Ga\u00efd Salah, vice-ministre de la D\u00e9fense nationale, chef d&rsquo;Etat-major de l&rsquo;Arm\u00e9e nationale populaire (ANP).<\/strong><\/p>\n<\/div>\n<div readability=\"72.8647686833\">\n<p>L\u2019ouverture du registre de condol\u00e9ances au Centre Chahid Aboud Belhimer a donn\u00e9 lieu \u00e0 des files interminables form\u00e9es spontan\u00e9ment par des citoyens qui ont tenu\u00a0 \u00e0 laisser un mot en hommage \u00e0 un homme, \u00ab\u00a0mod\u00e8le d\u2019abn\u00e9gation et don de soi\u00a0\u00bb.<\/p>\n<p>Rencontr\u00e9e par l\u2019APS, Mme Fatima R, originaire de la ville de Tiaret en passage \u00e0 Constantine, a d\u00e9clar\u00e9 \u00ab\u00a0venir rendre un dernier hommage \u00e0 un enfant du pays\u00a0\u00bb.<\/p>\n<p>\u00ab\u00a0Je suis\u00a0 profond\u00e9ment attrist\u00e9e par la nouvelle de la disparition d\u2019Ahmed Ga\u00efd Salah. J\u2019ai tenu \u00e0 pr\u00e9senter \u00e0 sa famille et \u00e0 l\u2019institution militaire mes sinc\u00e8res condol\u00e9ances. C\u2019est une perte \u00e9norme pour le pays\u00a0\u00bb.<\/p>\n<p>De son c\u00f4t\u00e9, Mohamed M., 42 ans, venu avec ses deux enfants a soulign\u00e9 que \u00a0\u00bb le d\u00e9c\u00e8s d\u2019Ahmed Ga\u00efd Salah est tr\u00e8s dur mais face \u00e0 la volont\u00e9 du Tout-Puissant, nous ne pouvons que nous r\u00e9signer\u00a0\u00bb.<\/p>\n<hr\/>\n<h3>Lire aussi:\u00a0<a href=\"http:\/\/www.aps.dz\/algerie\/99310-deces-du-general-de-corps-d-armee-ahmed-gaid-salah\" target=\"_blank\" rel=\"noopener noreferrer\">D\u00e9c\u00e8s du g\u00e9n\u00e9ral de Corps d&rsquo;Arm\u00e9e Ahmed Ga\u00efd Salah<\/a><\/h3>\n<hr\/>\n<p>Et d\u2019ajouter : \u00ab\u00a0mon fils de 11 ans a insist\u00e9 pour venir avec moi\u00a0 et signer le registre de condol\u00e9ances et je ne pouvais en aucun cas ne pas le faire. J\u2019attends depuis plus d\u2019une heure pour acc\u00e9der au hall du centre et j\u2019attendrai le temps qu\u2019il faut pour rendre hommage \u00e0 un \u2018novembriste\u2019 rassembleur\u00a0\u00bb.<\/p>\n<p>Pour R\u00e9da 26 ans, \u00ab\u00a0rendre hommage \u00e0 Ahmed Ga\u00efd et\u00a0 signer le registre de condol\u00e9ances est une consolation\u00a0\u00bb.<\/p>\n<p>Et de relever : \u00ab\u00a0Le d\u00e9funt a fait preuve d\u2019une grande clairvoyance\u00a0 et s\u2019est engag\u00e9\u00a0 durant une p\u00e9riode sensible pour le pays \u00e0 pr\u00e9server la s\u00e9curit\u00e9 des citoyens et les institutions de la R\u00e9publique. Il\u00a0 restera \u00e0 jamais, dans la m\u00e9moire de tous, comme un responsable chevronn\u00e9, p\u00e9tri de nationalisme et d\u2019amour pour la patrie\u00a0\u00bb.<\/p>\n<p>Le registre de condol\u00e9ances est ouvert au Centre d&rsquo;information territorial, chahid \u00ab\u00a0Aboud Belhimer\u00a0\u00bb de la 5\u00e8me R\u00e9gion militaire de Constantine pendant les sept jours de deuil qu\u2019observe l\u2019institution de l\u2019Arm\u00e9e nationale populaire (ANP).<\/p>\n<\/div>\n<p>Auteur:<br \/>\n<a href=\"http:\/\/www.aps.dz\/regions\/99362-5e-rm-deces-gaid-salah-des-citoyens-signent-le-registre-de-condoleance-ouvert-au-centre-d-information\">Cliquez ici pour lire l&rsquo;article depuis sa source.<\/a><\/p>\n","protected":false},"excerpt":{"rendered":"<p>CONSTANTINE &#8211; Des dizaines de citoyens ont afflu\u00e9 au Centre d&rsquo;information territorial, chahid \u00ab\u00a0Aboud Belhimer\u00a0\u00bb de la 5\u00e8me R\u00e9gion militaire de Constantine pour pr\u00e9senter leur condol\u00e9ances suite au d\u00e9c\u00e8s du g\u00e9n\u00e9ral de corps d&rsquo;arm\u00e9e, Ahmed Ga\u00efd Salah, vice-ministre de la D\u00e9fense nationale, chef d&rsquo;Etat-major de l&rsquo;Arm\u00e9e nationale populaire (ANP). L\u2019ouverture du registre de condol\u00e9ances au [&hellip;]<\/p>\n","protected":false},"author":1790,"featured_media":0,"comment_status":"closed","ping_status":"closed","sticky":false,"template":"","format":"standard","meta":{"fifu_image_url":"","fifu_image_alt":"","footnotes":""},"categories":[53,76],"tags":[],"class_list":["post-71121","post","type-post","status-publish","format-standard","hentry","category-algerie","category-regions"],"_links":{"self":[{"href":"https:\/\/linitiative.ca\/International\/wp-json\/wp\/v2\/posts\/71121","targetHints":{"allow":["GET"]}}],"collection":[{"href":"https:\/\/linitiative.ca\/International\/wp-json\/wp\/v2\/posts"}],"about":[{"href":"https:\/\/linitiative.ca\/International\/wp-json\/wp\/v2\/types\/post"}],"author":[{"embeddable":true,"href":"https:\/\/linitiative.ca\/International\/wp-json\/wp\/v2\/users\/1790"}],"replies":[{"embeddable":true,"href":"https:\/\/linitiative.ca\/International\/wp-json\/wp\/v2\/comments?post=71121"}],"version-history":[{"count":0,"href":"https:\/\/linitiative.ca\/International\/wp-json\/wp\/v2\/posts\/71121\/revisions"}],"wp:attachment":[{"href":"https:\/\/linitiative.ca\/International\/wp-json\/wp\/v2\/media?parent=71121"}],"wp:term":[{"taxonomy":"category","embeddable":true,"href":"https:\/\/linitiative.ca\/International\/wp-json\/wp\/v2\/categories?post=71121"},{"taxonomy":"post_tag","embeddable":true,"href":"https:\/\/linitiative.ca\/International\/wp-json\/wp\/v2\/tags?post=71121"}],"curies":[{"name":"wp","href":"https:\/\/api.w.org\/{rel}","templated":true}]}}