{"id":71123,"date":"2019-12-24T12:31:07","date_gmt":"2019-12-24T17:31:07","guid":{"rendered":"https:\/\/linitiative.ca\/International\/deces-de-gaid-salah-des-annabis-dressent-une-tente-geante-et-ouvrent-un-registre-de-condoleances\/"},"modified":"2019-12-24T12:31:07","modified_gmt":"2019-12-24T17:31:07","slug":"deces-de-gaid-salah-des-annabis-dressent-une-tente-geante-et-ouvrent-un-registre-de-condoleances","status":"publish","type":"post","link":"https:\/\/linitiative.ca\/International\/deces-de-gaid-salah-des-annabis-dressent-une-tente-geante-et-ouvrent-un-registre-de-condoleances\/","title":{"rendered":"D\u00e9c\u00e8s de Ga\u00efd Salah: des Annabis dressent une tente g\u00e9ante et ouvrent un registre de condol\u00e9ances"},"content":{"rendered":"<div readability=\"41\">\n<p><strong>ANNABA &#8211; Des citoyens de la ville d&rsquo;Annaba ont install\u00e9, mardi, une tente g\u00e9ante sur le Cours de la R\u00e9volution, au centre-ville, et ouvert un registre pour recueillir les condol\u00e9ances suite au d\u00e9c\u00e8s d\u2019un fils de la ville, le g\u00e9n\u00e9ral de corps d\u2019arm\u00e9e Ahmed Ga\u00efd Salah, et exprimer leur sympathie \u00e0 sa famille et ses proches en cette douloureuse circonstance.<\/strong><\/p>\n<\/div>\n<div readability=\"73.0943738657\">\n<p>Faisant part de leur tristesse suite \u00e0 la perte d&rsquo;une personnalit\u00e9 qui a fait de Annaba, \u00ab\u00a0sa deuxi\u00e8me ville\u00a0\u00bb et grav\u00e9 son nom dans l&rsquo;histoire de l&rsquo;Alg\u00e9rie, les citoyens ont afflu\u00e9 tout naturellement vers la tente o\u00f9 sont expos\u00e9es des photos du g\u00e9n\u00e9ral Ahmed Ga\u00efd Salah, vice-ministre de la D\u00e9fense nationale et chef d\u2019\u00e9tat-major de l&rsquo;arm\u00e9e nationale populaire (ANP), louant la sagesse du d\u00e9funt gr\u00e2ce \u00e0 laquelle il a pr\u00e9serv\u00e9 la s\u00e9curit\u00e9 de l\u2019Alg\u00e9rie.<\/p>\n<p>Selon Brahim Rahmoune, l&rsquo;un des camarades du d\u00e9funt dans le corps de l&rsquo;Arm\u00e9e populaire nationale qui discutait avec un groupe de jeunes devant la tente g\u00e9ante pour exprimer par \u00e9crit leurs condol\u00e9ances, \u00ab\u00a0le g\u00e9n\u00e9ral Ahmed Ga\u00efd Salah a accompagn\u00e9 le peuple avec habilet\u00e9 et perspicacit\u00e9, pr\u00e9servant le pays, sa s\u00e9curit\u00e9 avant de tirer sa r\u00e9v\u00e9rence\u00a0\u00bb.<\/p>\n<p>Et d\u2019ajouter : \u00ab\u00a0L&rsquo;histoire retiendra que cet homme \u00e9tait un protecteur de l&rsquo;Alg\u00e9rie\u00a0\u00bb, exhortant la jeunesse \u00e0 \u00ab\u00a0resserrer les rangs et \u00e0 poursuivre le processus de construction de l&rsquo;Alg\u00e9rie en pr\u00e9servant son unit\u00e9\u00a0\u00bb.<\/p>\n<hr\/>\n<h3>Lire aussi:\u00a0<a href=\"http:\/\/www.aps.dz\/algerie\/99310-deces-du-general-de-corps-d-armee-ahmed-gaid-salah\" target=\"_blank\" rel=\"noopener noreferrer\">D\u00e9c\u00e8s du g\u00e9n\u00e9ral de Corps d&rsquo;Arm\u00e9e Ahmed Ga\u00efd Salah<\/a><\/h3>\n<hr\/>\n<p>Pour sa part, Fatima Messaed ayant convers\u00e9 avec un groupe de citoyens venus formuler leurs condol\u00e9ances a affirm\u00e9, disant : \u00ab\u00a0Comment ne pas pleurer un homme qui a prot\u00e9g\u00e9 l\u2019Alg\u00e9rie contre ceux qui voulaient nuire au pays qu\u2019il a men\u00e9 en d\u00e9pit de toutes les difficult\u00e9s sur la voie de la s\u00e9curit\u00e9\u00a0\u00bb, soulignant que \u00ab\u00a0c\u2019\u00e9tait un homme magnanime qui a su rester fid\u00e8le envers les martyrs et pr\u00e9server la patrie\u00a0\u00bb.<\/p>\n<p>De nombreux citoyens ont appr\u00e9ci\u00e9 l&rsquo;initiative d&rsquo;\u00e9riger une tente pour recueillir les condol\u00e9ances sur le Cours de la R\u00e9volution, une occasion selon eux d\u2019\u00e9voquer les qualit\u00e9s et le parcours du d\u00e9funt pendant la r\u00e9volution de lib\u00e9ration et ses r\u00e9alisations en tant que commandant de l&rsquo;arm\u00e9e nationale populaire.<\/p>\n<p>Cette tente g\u00e9ante restera \u00e0 la disposition des citoyens d\u00e9sireux faire part de leurs condol\u00e9ances \u00e0 la famille du d\u00e9funt g\u00e9n\u00e9ral Ahmed Ga\u00efd Salah, vice-ministre de la D\u00e9fense nationale et chef d&rsquo;\u00e9tat-major de l\u2019ANP, d\u00e9c\u00e9d\u00e9 lundi suite \u00e0 une crise cardiaque, durant les 3 jours de deuil national.<\/p>\n<\/div>\n<p>Auteur:<br \/>\n<a href=\"http:\/\/www.aps.dz\/regions\/99369-deces-de-gaid-salah-des-annabis-dressent-une-tente-geante-et-ouvrent-un-registre-de-condoleances\">Cliquez ici pour lire l&rsquo;article depuis sa source.<\/a><\/p>\n","protected":false},"excerpt":{"rendered":"<p>ANNABA &#8211; Des citoyens de la ville d&rsquo;Annaba ont install\u00e9, mardi, une tente g\u00e9ante sur le Cours de la R\u00e9volution, au centre-ville, et ouvert un registre pour recueillir les condol\u00e9ances suite au d\u00e9c\u00e8s d\u2019un fils de la ville, le g\u00e9n\u00e9ral de corps d\u2019arm\u00e9e Ahmed Ga\u00efd Salah, et exprimer leur sympathie \u00e0 sa famille et ses [&hellip;]<\/p>\n","protected":false},"author":1790,"featured_media":0,"comment_status":"closed","ping_status":"closed","sticky":false,"template":"","format":"standard","meta":{"fifu_image_url":"","fifu_image_alt":"","footnotes":""},"categories":[53,76],"tags":[],"class_list":["post-71123","post","type-post","status-publish","format-standard","hentry","category-algerie","category-regions"],"_links":{"self":[{"href":"https:\/\/linitiative.ca\/International\/wp-json\/wp\/v2\/posts\/71123","targetHints":{"allow":["GET"]}}],"collection":[{"href":"https:\/\/linitiative.ca\/International\/wp-json\/wp\/v2\/posts"}],"about":[{"href":"https:\/\/linitiative.ca\/International\/wp-json\/wp\/v2\/types\/post"}],"author":[{"embeddable":true,"href":"https:\/\/linitiative.ca\/International\/wp-json\/wp\/v2\/users\/1790"}],"replies":[{"embeddable":true,"href":"https:\/\/linitiative.ca\/International\/wp-json\/wp\/v2\/comments?post=71123"}],"version-history":[{"count":0,"href":"https:\/\/linitiative.ca\/International\/wp-json\/wp\/v2\/posts\/71123\/revisions"}],"wp:attachment":[{"href":"https:\/\/linitiative.ca\/International\/wp-json\/wp\/v2\/media?parent=71123"}],"wp:term":[{"taxonomy":"category","embeddable":true,"href":"https:\/\/linitiative.ca\/International\/wp-json\/wp\/v2\/categories?post=71123"},{"taxonomy":"post_tag","embeddable":true,"href":"https:\/\/linitiative.ca\/International\/wp-json\/wp\/v2\/tags?post=71123"}],"curies":[{"name":"wp","href":"https:\/\/api.w.org\/{rel}","templated":true}]}}