{"id":71124,"date":"2019-12-24T12:33:59","date_gmt":"2019-12-24T17:33:59","guid":{"rendered":"https:\/\/linitiative.ca\/International\/deces-de-gaid-salah-condoleances-importante-affluence-des-citoyens-a-blida-et-djelfa\/"},"modified":"2019-12-24T12:33:59","modified_gmt":"2019-12-24T17:33:59","slug":"deces-de-gaid-salah-condoleances-importante-affluence-des-citoyens-a-blida-et-djelfa","status":"publish","type":"post","link":"https:\/\/linitiative.ca\/International\/deces-de-gaid-salah-condoleances-importante-affluence-des-citoyens-a-blida-et-djelfa\/","title":{"rendered":"D\u00e9c\u00e8s de Ga\u00efd Salah-Condol\u00e9ances: importante affluence des citoyens \u00e0 Blida et Djelfa"},"content":{"rendered":"<div readability=\"46\">\n<p><strong>BLIDA &#8211; Un grand nombre de citoyens, visiblement affect\u00e9s, ont afflu\u00e9, mardi, vers les centres d\u2019information territorial de Blida et de Djelfa, o\u00f9 un registre de condol\u00e9ances, a \u00e9t\u00e9 ouvert, suite au d\u00e9c\u00e8s, lundi, de l\u2019un des piliers de l\u2019Alg\u00e9rie, le vice-ministre de la D\u00e9fense nationale et g\u00e9n\u00e9ral de corps d&rsquo;arm\u00e9e, Ahmed Ga\u00efd Salah.<\/strong><\/p>\n<\/div>\n<div readability=\"127.766871166\">\n<p>En effet, le centre d\u2019information territorial \u00ab\u00a0Chahid Mohamed Madi\u00a0\u00bb, sis \u00e0 \u00ab\u00a0Beb Sebt\u00a0\u00bb du centre ville de Blida, enregistre depuis hier lundi, des files de citoyens de toutes les cat\u00e9gories sociales, d\u00e9sireux de pr\u00e9senter leurs condol\u00e9ances et d \u2019exprimer leur tristesse(nettement visible sur leur visages), suite \u00e0 la perte de ce haut responsable militaire.<\/p>\n<p>\u00ab\u00a0Le commandement de la 1\u00e8re R\u00e9gion militaire a d\u00e9cid\u00e9, suite \u00e0 cette douloureuse perte pour l\u2019Alg\u00e9rie, l\u2019ouverture de ce registre de condol\u00e9ances au profit des citoyens, qui continuent d\u2019affluer en masse, depuis la nuit d\u2019hier lundi, pour pr\u00e9senter leur condol\u00e9ances\u00a0\u00bb, a indiqu\u00e9 \u00e0 l\u2019APS, le responsable de ce centre, le commandant Abida Bech.<\/p>\n<p>Il a particuli\u00e8rement soulign\u00e9 la \u00ab\u00a0profondeur des expressions r\u00e9dig\u00e9es dans le registre, refl\u00e9tant\u00a0\u00bb, a-t il dit \u00ab\u00a0le respect vou\u00e9 par les citoyens au g\u00e9n\u00e9ral-major Gaid Salah, et la tristesse ressentie par eux \u00e0 sa perte\u00a0\u00bb, a-t-il assur\u00e9.<\/p>\n<p>Le responsable militaire a, \u00e9galement, relev\u00e9 une \u00ab\u00a0affluence consid\u00e9rable de femmes, de tout \u00e2ges, visiblement tr\u00e8s affect\u00e9es par la perte de ce commandant militaire, parti apr\u00e8s avoir laiss\u00e9 l\u2019Alg\u00e9rie \u00e0 bon port\u00a0\u00bb, a-t-il soulign\u00e9.<\/p>\n<p>Les autorit\u00e9s de la wilaya de Blida, \u00e0 leur t\u00eate le wali Youcef Chorfa ont particularis\u00e8rent tenu \u00e0 exprimer leur condol\u00e9ances dans ce registre, qui restera ouvert aux citoyens jusqu\u2019\u00e0 demain mercredi, jour de l\u2019inhumation du d\u00e9funt.<\/p>\n<hr\/>\n<h3>Lire aussi:\u00a0<a href=\"http:\/\/www.aps.dz\/algerie\/99310-deces-du-general-de-corps-d-armee-ahmed-gaid-salah\" target=\"_blank\" rel=\"noopener noreferrer\">D\u00e9c\u00e8s du g\u00e9n\u00e9ral de Corps d&rsquo;Arm\u00e9e Ahmed Ga\u00efd Salah<\/a><\/h3>\n<hr\/>\n<p>A Djelfa, ce sont les jeunes et les diff\u00e9rents acteurs de la soci\u00e9t\u00e9 civile qui ont install\u00e9 des tentes, en vue d\u2019accueillir les condol\u00e9ances des citoyens, qui y ont afflu\u00e9s par centaines.<\/p>\n<p>\u00ab\u00a0Nous voulons partager la tristesse des alg\u00e9riens \u00e0 la perte de ce grand homme, qui a r\u00e9ussi \u00e0 accost\u00e9 le bateau Alg\u00e9rie \u00e0 bon port, durant l\u2019une des plus sombres \u00e9tapes de son existence\u00a0\u00bb, ont assur\u00e9 de nombreux citoyens \u00e0 l\u2019APS, au niveau d\u2019une tente install\u00e9e \u00e0 la place des chouhada de la ville.<\/p>\n<p>Ajoutant que cette \u00ab\u00a0Kheima\u00a0\u00bb (tente) est un \u00ab\u00a0gage de fid\u00e9lit\u00e9 \u00e0 cet homme, gr\u00e2ce \u00e0 qui le Hirak a pu avoir une protection et un appui, \u00e0 travers l\u2019Institution militaire, et partant \u00e0 assurer la continuit\u00e9 de l\u2019Etat, en le maintenant hors de port\u00e9e des ennemis d\u2019hier et d\u2019aujourd\u2019hui\u00a0\u00bb, ont-ils assur\u00e9.<\/p>\n<p>Des tentes de condol\u00e9ances ont \u00e9t\u00e9, \u00e9galement, install\u00e9es au niveau des grandes villes de la wilaya, et nombre de communes, \u00e0 l\u2019instar de Messa\u00e0d et Ain Ouessara, signale-t-on.<\/p>\n<p>Un registre de condol\u00e9ances a \u00e9t\u00e9, aussi, ouvert au niveau du centre d\u2019information territorial relevant de la 1\u00e8re R\u00e9gion militaire \u00e0 Djelfa, ou de nombreux citoyens ont constitu\u00e9 de longues files d\u2019attente, refl\u00e9tant la solidarit\u00e9 caract\u00e9risant les alg\u00e9riens durant les \u00e9preuves.<\/p>\n<p>Parmi eux, Ami Rekkad, un habitant de Dar Chioukh (42 km \u00e0 l\u2019Est de Djelfa), qui s\u2019est d\u00e9plac\u00e9 jusqu\u2019au chef lieu de wilaya, pour exprimer ses condol\u00e9ances dans ce registre. \u00ab\u00a0J\u2019esp\u00e8re que ces quelques mots pourront att\u00e9nuer en moi la grande tristesse qui s\u2019est empar\u00e9e de moi \u00e0 la nouvelle de la mort du moudjahid Ahmed Gaid Salah\u00a0\u00bb, a-t-il indiqu\u00e9 visiblement profond\u00e9ment affect\u00e9.<\/p>\n<\/div>\n<p>Auteur:<br \/>\n<a href=\"http:\/\/www.aps.dz\/regions\/99370-deces-de-gaid-salah-condoleances-importante-affluence-des-citoyens-a-blida-et-djelfa\">Cliquez ici pour lire l&rsquo;article depuis sa source.<\/a><\/p>\n","protected":false},"excerpt":{"rendered":"<p>BLIDA &#8211; Un grand nombre de citoyens, visiblement affect\u00e9s, ont afflu\u00e9, mardi, vers les centres d\u2019information territorial de Blida et de Djelfa, o\u00f9 un registre de condol\u00e9ances, a \u00e9t\u00e9 ouvert, suite au d\u00e9c\u00e8s, lundi, de l\u2019un des piliers de l\u2019Alg\u00e9rie, le vice-ministre de la D\u00e9fense nationale et g\u00e9n\u00e9ral de corps d&rsquo;arm\u00e9e, Ahmed Ga\u00efd Salah. En [&hellip;]<\/p>\n","protected":false},"author":1790,"featured_media":0,"comment_status":"closed","ping_status":"closed","sticky":false,"template":"","format":"standard","meta":{"fifu_image_url":"","fifu_image_alt":"","footnotes":""},"categories":[53,76],"tags":[],"class_list":["post-71124","post","type-post","status-publish","format-standard","hentry","category-algerie","category-regions"],"_links":{"self":[{"href":"https:\/\/linitiative.ca\/International\/wp-json\/wp\/v2\/posts\/71124","targetHints":{"allow":["GET"]}}],"collection":[{"href":"https:\/\/linitiative.ca\/International\/wp-json\/wp\/v2\/posts"}],"about":[{"href":"https:\/\/linitiative.ca\/International\/wp-json\/wp\/v2\/types\/post"}],"author":[{"embeddable":true,"href":"https:\/\/linitiative.ca\/International\/wp-json\/wp\/v2\/users\/1790"}],"replies":[{"embeddable":true,"href":"https:\/\/linitiative.ca\/International\/wp-json\/wp\/v2\/comments?post=71124"}],"version-history":[{"count":0,"href":"https:\/\/linitiative.ca\/International\/wp-json\/wp\/v2\/posts\/71124\/revisions"}],"wp:attachment":[{"href":"https:\/\/linitiative.ca\/International\/wp-json\/wp\/v2\/media?parent=71124"}],"wp:term":[{"taxonomy":"category","embeddable":true,"href":"https:\/\/linitiative.ca\/International\/wp-json\/wp\/v2\/categories?post=71124"},{"taxonomy":"post_tag","embeddable":true,"href":"https:\/\/linitiative.ca\/International\/wp-json\/wp\/v2\/tags?post=71124"}],"curies":[{"name":"wp","href":"https:\/\/api.w.org\/{rel}","templated":true}]}}