{"id":71132,"date":"2019-12-24T15:14:15","date_gmt":"2019-12-24T20:14:15","guid":{"rendered":"https:\/\/linitiative.ca\/International\/ligue-1-2-nahd-ziyata-debarque-et-sera-soumis-a-des-essais\/"},"modified":"2019-12-24T15:14:15","modified_gmt":"2019-12-24T20:14:15","slug":"ligue-1-2-nahd-ziyata-debarque-et-sera-soumis-a-des-essais","status":"publish","type":"post","link":"https:\/\/linitiative.ca\/International\/ligue-1-2-nahd-ziyata-debarque-et-sera-soumis-a-des-essais\/","title":{"rendered":"Ligue 1 &amp; 2 : NAHD: Ziyata d\u00e9barque et sera soumis \u00e0 des essais"},"content":{"rendered":"<div readability=\"32\">\n<p>Auteur : <span>Rachid C.<\/span> <span class=\"time\">mardi 24 d\u00e9cembre 2019 15:38<\/span><\/p>\n<\/div>\n<div id=\"post_core\" readability=\"93\">\n<p>L\u2019attaquant franco-alg\u00e9rien est arriv\u00e9 hier \u00e0 Alger. Yanis Ziyata, puisque c\u2019est de lui qu\u2019il s\u2019agit, a \u00e9t\u00e9 propos\u00e9 par le manager Mohamed Merabet \u00e0 la direction du NAHD. Form\u00e9 au PSG, cet attaquant de 21 ans a \u00e9volu\u00e9 dans plusieurs petites \u00e9quipes en France. Son dernier club est le FC Conflains avec lequel il a inscrit 19 buts. Soumis depuis hier \u00e0 des essais, il a quelques jours devant lui pour convaincre Lakhdar Adjali par ses qualit\u00e9s techniques et physiques. \u00a0<br \/><strong>Il a eu une discussion avec Adjali<\/strong><br \/>Accompagn\u00e9 de son manager, Yanis Ziyata a eu une longue discussion avec le premier responsable de la barre technique, avant l\u2019entame de l\u2019entra\u00eenement. S\u00e9duit par le CV du joueur, le coach n\u2019a pas h\u00e9sit\u00e9 \u00e0 lui accorder le feu vert pour int\u00e9grer le groupe avec lequel il s\u2019est entra\u00een\u00e9 le plus normalement du monde.<br \/><strong>Le coach lui a expliqu\u00e9 la situation de l\u2019\u00e9quipe<\/strong><br \/>Connu par son honn\u00eatet\u00e9 et son franc- parler, Lakhdar Adjali a profit\u00e9 de la discussion qu\u2019il a eue avec l\u2019attaquant form\u00e9 au PSG pour lui expliquer la situation de l\u2019\u00e9quipe. En plus de lui annoncer que le NAHD occupe une position en bas du tableau et lutte pour son maintien en Ligue 1, il lui a fait savoir qu\u2019ils n\u2019ont pas les moyens de lui accorder un gros salaire. Tent\u00e9 par une exp\u00e9rience en Alg\u00e9rie afin de relancer sa carri\u00e8re qui est au point mort, il s\u2019est montr\u00e9 tr\u00e8s compr\u00e9hensif.\u00a0\u00a0 \u00a0<br \/>\u00a0<\/p>\n<p><strong>Yali saisit la CRL<\/strong><\/p>\n<p>Absent des terrains depuis plusieurs mois, \u00e0 cause d\u2019une blessure contract\u00e9e au niveau de la cuisse, le milieu de terrain Mohamed Yali a saisi la CRL pour r\u00e9clamer ses salaires impay\u00e9s. Estimant que son prot\u00e9g\u00e9 a \u00e9t\u00e9 l\u00e9s\u00e9 sur le plan financier, le manager du joueur a d\u00e9cid\u00e9 de passer \u00e0 l&rsquo;action, afin de d\u00e9fendre ses int\u00e9r\u00eats en r\u00e9clamant trois mois de salaire. Une action par laquelle l\u2019international mauritanien vise tout bonnement \u00e0 r\u00e9cup\u00e9rer sa lettre de lib\u00e9ration sans contrepartie, lui qui est convoit\u00e9 par quelques clubs \u00e9trangers, ces derniers jours. En tout cas, c&rsquo;est ce que nous avons pu apprendre d&rsquo;une source proche de ce dossier.<br \/><strong>Son conflit avec les responsables a motiv\u00e9 sa d\u00e9cision<\/strong><br \/>Comme annonc\u00e9 par nos soins, un bras de fer est d\u00e9j\u00e0 engag\u00e9 entre la direction et Mohamed Yali. Ce dernier avait affirm\u00e9 il y a quelques jours qu\u2019en plus de ne pas percevoir ses salaires, ses sup\u00e9rieurs refusaient de lui accorder une autorisation pour se rendre \u00e0 la clinique Aspetar, au Qatar, pour y subir une intervention chirurgicale. Ce n\u2019est pas le m\u00eame son de cloche du c\u00f4t\u00e9 des dirigeants qui affirment que c\u2019est \u00e0 la F\u00e9d\u00e9ration Mauritanienne du Football de r\u00e9mun\u00e9rer le joueur, du moment qu\u2019il s\u2019est bless\u00e9 avec la s\u00e9lection de son pays et cela jusqu\u2019au jour o\u00f9 il sera pr\u00eat \u00e0 renouer avec la comp\u00e9tition officielle.\u00a0 \u00a0<br \/><strong>Son manager entamera les n\u00e9gociations avec les clubs demandeurs \u00a0<\/strong><br \/>Arriv\u00e9 cet \u00e9t\u00e9 en provenance de la DRBT, Mohamed Yali serait dans le viseur de quelques clubs \u00e9trangers, notamment Al Merreikh d\u2019Omdourman qui insiste pour b\u00e9n\u00e9ficier de ses services depuis plusieurs jours. Actuellement \u00e0 Alger, il attend avec son avocat une r\u00e9ponse favorable de la part de la Chambre de r\u00e9solution et des litiges, avant de se rendre en Mauritanie et entamer les n\u00e9gociations. Les Sang et Or, pour leur part, ne semblent pas du tout inquiets. Ayant d\u00e9j\u00e0 pr\u00e9par\u00e9 tous les documents n\u00e9cessaires pour r\u00e9pliquer, c\u2019est dans les prochaines heures qu\u2019ils devront contre-attaquer afin d\u2019obtenir gains de cause et \u00e9viter de voir cet \u00e9l\u00e9ment partir gratuitement. \u00a0<br \/>\u00a0<\/p>\n<p><strong>Place \u00e0 la Coupe d\u2019Alg\u00e9rie !<\/strong><\/p>\n<p>En difficult\u00e9, les Sang et Or peinent \u00e0 encha\u00eener les r\u00e9sultats positifs en championnat. Les prot\u00e9g\u00e9s de Lakhdar Adjali ont une bonne opportunit\u00e9 de se refaire une sant\u00e9, \u00e0 l\u2019occasion du match de ce jeudi comptant pour les 32es de finale de la Coupe d\u2019Alg\u00e9rie o\u00f9 ils se rendront \u00e0 Guelma pour affronter l\u2019AB Sebbat. Cette rencontre rev\u00eat une grande importance pour les Husseind\u00e9ens qui n\u2019auront d\u2019autre choix que de composter leur ticket pour le prochain tour, afin d\u2019oublier leurs d\u00e9boires. C\u2019est d\u2019ailleurs l\u2019avis des joueurs qui ont \u00e9t\u00e9 unanimes \u00e0 dire qu\u2019aucun faux pas ne sera permis apr\u00e8s-demain et qu\u2019ils doivent imp\u00e9rativement \u00e9viter d\u2019aggraver la crise dans laquelle l\u2019\u00e9quipe est plong\u00e9e depuis maintenant plusieurs semaines. Les camarades de Sofiane Khadir semblent conscients de ce qui les attend, bien que la t\u00e2che s\u2019annonce difficile, surtout lorsqu\u2019on sait que Dame coupe a toujours r\u00e9serv\u00e9 des surprises.<br \/><strong>Trois jours pour assurer une bonne pr\u00e9paration<\/strong><br \/>Apr\u00e8s avoir b\u00e9n\u00e9fici\u00e9 d\u2019une journ\u00e9e de repos, les Nahdistes ont repris le chemin de l\u2019entra\u00eenement, hier, en d\u00e9but d\u2019apr\u00e8s-midi au stade du 20-Ao\u00fbt, sous la houlette du duo Lakhdar Adjali-Azzedine Rahim. Les techniciens ainsi que les joueurs auront trois jours pour assurer une bonne pr\u00e9paration pour ce match capital et difficile, surtout que l\u2019adversaire n\u2019aura rien \u00e0 perdre et tout \u00e0 gagner, contrairement au NAHD qui r\u00e9alise un parcours loin des attentes en Ligue 1. C\u2019est dire que l\u2019entra\u00eeneur en chef et ses assistants doivent apporter les correctifs qui s\u2019imposent et trouver les solutions n\u00e9cessaires afin de revenir avec un succ\u00e8s qui leur permettra d\u2019esp\u00e9rer aller loin dans cette comp\u00e9tition.<br \/><strong>Les Sang et Or veulent confirmer leur retour en forme<\/strong><br \/>Apr\u00e8s avoir encha\u00een\u00e9 trois d\u00e9faites dont deux \u00e0 domicile, les Husseind\u00e9ens, contre toute attente, ont r\u00e9ussi \u00e0 pi\u00e9ger les Biskris chez eux et \u00e0 renouer avec le succ\u00e8s.\u00a0 De retour en course pour la lutte au maintien, ils sont face \u00e0 une bonne occasion d\u2019encha\u00eener pour la premi\u00e8re fois cette saison deux victoires. C\u2019est ce qui va certainement se r\u00e9percuter positivement sur l\u2019\u00e9tat d\u2019esprit des joueurs qui pourront confirmer leur retour en forme et aborder la pr\u00e9paration de la deuxi\u00e8me moiti\u00e9 de la saison dans une bonne ambiance et avec un meilleur \u00e9tat d\u2019esprit.<br \/>\u00a0<\/p>\n<p><strong>Publi\u00e9 dans :<\/strong> <span>Nahd<\/span> <span>Adjali<\/span> <span>Ziyata<\/span><\/p>\n<\/div>\n<p>Auteur:<br \/>\n<a href=\"http:\/\/www.lebuteur.com\/article\/detail?titre=nahd-ziyata-debarque-et-sera-soumis-a-des-essais&#038;id=93782&#038;utm_source=feedburner&#038;utm_medium=feed&#038;utm_campaign=Feed%3A+GalerieFArtciles+%28Les+derniers+articles++-+lebuteur.com%29\">Cliquez ici pour lire l&rsquo;article depuis sa source.<\/a><\/p>\n","protected":false},"excerpt":{"rendered":"<p>Auteur : Rachid C. mardi 24 d\u00e9cembre 2019 15:38 L\u2019attaquant franco-alg\u00e9rien est arriv\u00e9 hier \u00e0 Alger. Yanis Ziyata, puisque c\u2019est de lui qu\u2019il s\u2019agit, a \u00e9t\u00e9 propos\u00e9 par le manager Mohamed Merabet \u00e0 la direction du NAHD. Form\u00e9 au PSG, cet attaquant de 21 ans a \u00e9volu\u00e9 dans plusieurs petites \u00e9quipes en France. Son dernier [&hellip;]<\/p>\n","protected":false},"author":1738,"featured_media":71133,"comment_status":"closed","ping_status":"closed","sticky":false,"template":"","format":"standard","meta":{"fifu_image_url":"","fifu_image_alt":"","footnotes":""},"categories":[53,75],"tags":[],"class_list":["post-71132","post","type-post","status-publish","format-standard","has-post-thumbnail","hentry","category-algerie","category-sport"],"_links":{"self":[{"href":"https:\/\/linitiative.ca\/International\/wp-json\/wp\/v2\/posts\/71132","targetHints":{"allow":["GET"]}}],"collection":[{"href":"https:\/\/linitiative.ca\/International\/wp-json\/wp\/v2\/posts"}],"about":[{"href":"https:\/\/linitiative.ca\/International\/wp-json\/wp\/v2\/types\/post"}],"author":[{"embeddable":true,"href":"https:\/\/linitiative.ca\/International\/wp-json\/wp\/v2\/users\/1738"}],"replies":[{"embeddable":true,"href":"https:\/\/linitiative.ca\/International\/wp-json\/wp\/v2\/comments?post=71132"}],"version-history":[{"count":0,"href":"https:\/\/linitiative.ca\/International\/wp-json\/wp\/v2\/posts\/71132\/revisions"}],"wp:featuredmedia":[{"embeddable":true,"href":"https:\/\/linitiative.ca\/International\/wp-json\/"}],"wp:attachment":[{"href":"https:\/\/linitiative.ca\/International\/wp-json\/wp\/v2\/media?parent=71132"}],"wp:term":[{"taxonomy":"category","embeddable":true,"href":"https:\/\/linitiative.ca\/International\/wp-json\/wp\/v2\/categories?post=71132"},{"taxonomy":"post_tag","embeddable":true,"href":"https:\/\/linitiative.ca\/International\/wp-json\/wp\/v2\/tags?post=71132"}],"curies":[{"name":"wp","href":"https:\/\/api.w.org\/{rel}","templated":true}]}}