{"id":71138,"date":"2019-12-24T15:14:20","date_gmt":"2019-12-24T20:14:20","guid":{"rendered":"https:\/\/linitiative.ca\/International\/international-man-city-gabriel-jesus-na-plus-peu-de-concurrencer-aguero\/"},"modified":"2019-12-24T15:14:20","modified_gmt":"2019-12-24T20:14:20","slug":"international-man-city-gabriel-jesus-na-plus-peu-de-concurrencer-aguero","status":"publish","type":"post","link":"https:\/\/linitiative.ca\/International\/international-man-city-gabriel-jesus-na-plus-peu-de-concurrencer-aguero\/","title":{"rendered":"International : Man City : Gabriel Jesus n&rsquo;a plus peu de concurrencer Ag\u00fcero"},"content":{"rendered":"<div readability=\"32\">\n<p>Auteur : <span class=\"time\">mardi 24 d\u00e9cembre 2019 20:29<\/span><\/p>\n<\/div>\n<div id=\"post_core\" readability=\"58\">\n<p>Mais les hommes de Pep Guardiola ne comptent pas abandonner le combat pour autant, \u00e0 l\u2019image de Gabriel Jesus. Interrog\u00e9 par le Sun, le Br\u00e9silien a aussi \u00e9voqu\u00e9 sa relation avec Sergio Ag\u00fcero, un attaquant qu\u2019il respecte et estime : \u00ab\u00a0Sergio m\u2019a beaucoup aid\u00e9, non seulement dans les \u00e9changes que nous avons, mais aussi dans ses actions \u00e0 l\u2019entra\u00eenement. Quand je vais jouer, il me parle beaucoup du jeu, des ouvertures, des d\u00e9fenseurs et des gardiens. Nous avons une tr\u00e8s bonne relation\u00a0\u00bb. Il a ensuite \u00e9voqu\u00e9 la concurrence entre Ag\u00fcero et lui.<\/p>\n<p>\u00ab\u00a0Apr\u00e8s cette ann\u00e9e, c\u2019\u00e9tait parfois lui et pas moi. Je sais que Sergio est une l\u00e9gende, un top buteur, un super gars. Je l\u2019aime en tant que joueur et personne. Je sais que Sergio peut marquer \u00e0 chaque match car il a la qualit\u00e9 et l\u2019exp\u00e9rience. \u00c0 chaque fois qu\u2019il joue, je veux qu\u2019il marque \u00e9videmment. Alors, j\u2019attends et j\u2019attends. Je veux jouer \u00e0 chaque match mais la r\u00e9alit\u00e9 n\u2019est pas ainsi. Nous avons beaucoup de joueurs, les meilleurs joueurs. J\u2019essaie d\u2019en profiter quand je suis sur le terrain. Mais je sais que Sergio n\u2019est plus aussi jeune que moi, et maintenant je pense que mon heure est venue. C\u2019est mon heure. Je veux juste jouer au football et m\u2019am\u00e9liorer. C\u2019est ce qui me rend heureux et c\u2019est ce que j\u2019aime. C\u2019est toujours difficile quand on ne joue pas et je respecte la d\u00e9cision du manager et mon ami Sergio parce qu\u2019il est une l\u00e9gende du club. Je ne pense vraiment pas \u00eatre le meilleur au monde, je veux juste jouer et marquer\u00a0\u00bb. Des propos relay\u00e9s par Footmercato.<\/p>\n<p><strong>Publi\u00e9 dans :<\/strong> <span>Manchester City<\/span><\/p>\n<\/div>\n<p>Auteur:<br \/>\n<a href=\"http:\/\/www.lebuteur.com\/article\/detail?titre=man-city-gabriel-jesus-na-plus-peu-de-concurrencer-aguero&#038;id=93798&#038;utm_source=feedburner&#038;utm_medium=feed&#038;utm_campaign=Feed%3A+GalerieFArtciles+%28Les+derniers+articles++-+lebuteur.com%29\">Cliquez ici pour lire l&rsquo;article depuis sa source.<\/a><\/p>\n","protected":false},"excerpt":{"rendered":"<p>Auteur : mardi 24 d\u00e9cembre 2019 20:29 Mais les hommes de Pep Guardiola ne comptent pas abandonner le combat pour autant, \u00e0 l\u2019image de Gabriel Jesus. Interrog\u00e9 par le Sun, le Br\u00e9silien a aussi \u00e9voqu\u00e9 sa relation avec Sergio Ag\u00fcero, un attaquant qu\u2019il respecte et estime : \u00ab\u00a0Sergio m\u2019a beaucoup aid\u00e9, non seulement dans les [&hellip;]<\/p>\n","protected":false},"author":1738,"featured_media":71139,"comment_status":"closed","ping_status":"closed","sticky":false,"template":"","format":"standard","meta":{"fifu_image_url":"","fifu_image_alt":"","footnotes":""},"categories":[53,75],"tags":[],"class_list":["post-71138","post","type-post","status-publish","format-standard","has-post-thumbnail","hentry","category-algerie","category-sport"],"_links":{"self":[{"href":"https:\/\/linitiative.ca\/International\/wp-json\/wp\/v2\/posts\/71138","targetHints":{"allow":["GET"]}}],"collection":[{"href":"https:\/\/linitiative.ca\/International\/wp-json\/wp\/v2\/posts"}],"about":[{"href":"https:\/\/linitiative.ca\/International\/wp-json\/wp\/v2\/types\/post"}],"author":[{"embeddable":true,"href":"https:\/\/linitiative.ca\/International\/wp-json\/wp\/v2\/users\/1738"}],"replies":[{"embeddable":true,"href":"https:\/\/linitiative.ca\/International\/wp-json\/wp\/v2\/comments?post=71138"}],"version-history":[{"count":0,"href":"https:\/\/linitiative.ca\/International\/wp-json\/wp\/v2\/posts\/71138\/revisions"}],"wp:featuredmedia":[{"embeddable":true,"href":"https:\/\/linitiative.ca\/International\/wp-json\/"}],"wp:attachment":[{"href":"https:\/\/linitiative.ca\/International\/wp-json\/wp\/v2\/media?parent=71138"}],"wp:term":[{"taxonomy":"category","embeddable":true,"href":"https:\/\/linitiative.ca\/International\/wp-json\/wp\/v2\/categories?post=71138"},{"taxonomy":"post_tag","embeddable":true,"href":"https:\/\/linitiative.ca\/International\/wp-json\/wp\/v2\/tags?post=71138"}],"curies":[{"name":"wp","href":"https:\/\/api.w.org\/{rel}","templated":true}]}}