{"id":71140,"date":"2019-12-23T18:00:00","date_gmt":"2019-12-23T23:00:00","guid":{"rendered":"https:\/\/linitiative.ca\/International\/message-de-condoleances-du-president-de-la-republique-abdelmadjid-tebboune-lalgerie-pleure-lun-de-ses-defenseurs-et-grands-hommes\/"},"modified":"2019-12-23T18:00:00","modified_gmt":"2019-12-23T23:00:00","slug":"message-de-condoleances-du-president-de-la-republique-abdelmadjid-tebboune-lalgerie-pleure-lun-de-ses-defenseurs-et-grands-hommes","status":"publish","type":"post","link":"https:\/\/linitiative.ca\/International\/message-de-condoleances-du-president-de-la-republique-abdelmadjid-tebboune-lalgerie-pleure-lun-de-ses-defenseurs-et-grands-hommes\/","title":{"rendered":"Message de condol\u00e9ances du pr\u00e9sident de la R\u00e9publique Abdelmadjid Tebboune : \u00abL\u2019Alg\u00e9rie pleure l\u2019un de ses d\u00e9fenseurs et grands Hommes\u00bb"},"content":{"rendered":"<p><strong>Le pr\u00e9sident de la R\u00e9publique, Abdelmadjid Tebboune, a affirm\u00e9, dans un message de condol\u00e9ances suite au d\u00e9c\u00e8s du G\u00e9n\u00e9ral de Corps d\u2019Arm\u00e9e, Ahmed Ga\u00efd Salah, vice-ministre de la D\u00e9fense nationale, chef d\u2019\u00c9tat-major de l\u2019Arm\u00e9e nationale populaire (ANP), que \u00abl\u2019Alg\u00e9rie pleure l\u2019un de ses d\u00e9fenseurs et de ses grands hommes et piliers\u00bb.\u00a0<\/strong><\/p>\n<p>\u00abIl est, parmi les croyants, des hommes qui ont \u00e9t\u00e9 sinc\u00e8res dans leur engagement envers Allah. Certains d\u2019entre eux ont atteint leur fin, et d\u2019autres attendent encore, et ils n\u2019ont vari\u00e9 aucunement\u00bb, a \u00e9crit le Pr\u00e9sident de la R\u00e9publique, \u00e0 l\u2019entame de son message de condol\u00e9ances.<br \/>\u00abC\u2019est avec une profonde tristesse et affliction que j\u2019ai appris le d\u00e9c\u00e8s du vaillant Moudjahid et leader Ahmed Ga\u00efd Salah, avec la disparition duquel l\u2019Alg\u00e9rie pleure l\u2019un de ses grands hommes et de ses fils d\u00e9vou\u00e9s\u00bb, a-t-il affirm\u00e9, ajoutant que le d\u00e9funt, \u00abun des piliers de l\u2019\u00c9tat, a servi l\u2019Alg\u00e9rie avec un sens \u00e9lev\u00e9 de sacrifice et de d\u00e9vouement en \u00e9tant un mod\u00e8le pour sa g\u00e9n\u00e9ration, parmi les militaires et les civils, et un exemple \u00e0 suivre pour les g\u00e9n\u00e9rations futures\u00bb. \u00abIl \u00e9tait, paix \u00e0 son \u00e2me, un courageux chef militaire, un homme au c\u0153ur pur et g\u00e9n\u00e9reux, un patriote vou\u00e9 au service de sa partie, clairvoyant dans sa gestion et d\u2019une disponibilit\u00e9 in\u00e9gal\u00e9e dans sa d\u00e9fense, en toutes circonstances\u00bb, a soulign\u00e9 le chef de l\u2019\u00c9tat.<br \/>Homme d\u2019honneur et de parole, Ahmed Ga\u00efd Salah \u00e9tait impr\u00e9gn\u00e9 de convictions nationalistes et de positions r\u00e9publicaines immuables. Il \u00e9tait un homme croyant et pieux, qui n\u2019a jamais vari\u00e9 (ni dans sa foi, ni dans son engagement)\u00bb, a-t-il poursuivi.<br \/>\u00abFace \u00e0 cette trag\u00e9die, les mots ne peuvent exprimer notre sentiment et ne nous pouvons que nous remettre \u00e0 la volont\u00e9 de Dieu. Adieu, cher fr\u00e8re et grand dirigeant. Adieu, le Lion. Tu as \u00e9t\u00e9 pour l\u2019Alg\u00e9rie un fid\u00e8le protecteur et pour l\u2019\u00c9tat un sinc\u00e8re conseiller, des ann\u00e9es durant. Ton long parcours et ta perspicacit\u00e9 av\u00e9r\u00e9e demeureront une r\u00e9f\u00e9rence pour nous et nos successeurs. F\u00e9licitations pour ta place au Paradis parmi les martyrs et ceux qu\u2019Allah a gratifi\u00e9s de Ses bienfaits et entour\u00e9s de Sa gr\u00e2ce \u00e9ternelle\u00bb, a \u00e9crit le chef de l\u2019\u00c9tat, dans son message de condol\u00e9ances.<br \/>\u00abEn cette douloureuse circonstance, je ne puis que me r\u00e9signer \u00e0 la volont\u00e9 d\u2019Allah\u00bb, a-t-il ajout\u00e9 \u00e0 l\u2019adresse de la famille du d\u00e9funt, dont il partage, a-t-il dit la peine et la tristesse.<br \/>\u00a0\u00ab\u00c0 tous les membres de la famille du d\u00e9funt, \u00e0 ses compagnons au sein de l\u2019Arm\u00e9e nationale populaire, digne h\u00e9riti\u00e8re de l\u2019Arm\u00e9e de lib\u00e9ration nationale et \u00e0 l\u2019ensemble du peuple alg\u00e9rien, j\u2019adresse mes sinc\u00e8res condol\u00e9ances, priant Le Tout-Puissant de nous combler du courage et de la patience des pieux et de r\u00e9tribuer le d\u00e9funt pour ses actions au service de sa patrie\u00bb, a-t-il conclu, citant le verset \u00abO toi, \u00e2me apais\u00e9, retourne vers ton Seigneur satisfaite et agr\u00e9e, entre donc parmi mes serviteurs, et entre dans Mon Paradis\u00bb.<br \/>\u00ab\u00c0 Dieu nous appartenons, et \u00e0 Lui nous retournerons.\u00bb<\/p>\n<p>Auteur: elmoudjahid<br \/>\n<a href=\"http:\/\/www.elmoudjahid.com\/fr\/actualites\/146258\">Cliquez ici pour lire l&rsquo;article depuis sa source.<\/a><\/p>\n","protected":false},"excerpt":{"rendered":"<p>Le pr\u00e9sident de la R\u00e9publique, Abdelmadjid Tebboune, a affirm\u00e9, dans un message de condol\u00e9ances suite au d\u00e9c\u00e8s du G\u00e9n\u00e9ral de Corps d\u2019Arm\u00e9e, Ahmed Ga\u00efd Salah, vice-ministre de la D\u00e9fense nationale, chef d\u2019\u00c9tat-major de l\u2019Arm\u00e9e nationale populaire (ANP), que \u00abl\u2019Alg\u00e9rie pleure l\u2019un de ses d\u00e9fenseurs et de ses grands hommes et piliers\u00bb.\u00a0 \u00abIl est, parmi les [&hellip;]<\/p>\n","protected":false},"author":1744,"featured_media":0,"comment_status":"closed","ping_status":"closed","sticky":false,"template":"","format":"standard","meta":{"fifu_image_url":"","fifu_image_alt":"","footnotes":""},"categories":[73,53],"tags":[],"class_list":["post-71140","post","type-post","status-publish","format-standard","hentry","category-actualite","category-algerie"],"_links":{"self":[{"href":"https:\/\/linitiative.ca\/International\/wp-json\/wp\/v2\/posts\/71140","targetHints":{"allow":["GET"]}}],"collection":[{"href":"https:\/\/linitiative.ca\/International\/wp-json\/wp\/v2\/posts"}],"about":[{"href":"https:\/\/linitiative.ca\/International\/wp-json\/wp\/v2\/types\/post"}],"author":[{"embeddable":true,"href":"https:\/\/linitiative.ca\/International\/wp-json\/wp\/v2\/users\/1744"}],"replies":[{"embeddable":true,"href":"https:\/\/linitiative.ca\/International\/wp-json\/wp\/v2\/comments?post=71140"}],"version-history":[{"count":0,"href":"https:\/\/linitiative.ca\/International\/wp-json\/wp\/v2\/posts\/71140\/revisions"}],"wp:attachment":[{"href":"https:\/\/linitiative.ca\/International\/wp-json\/wp\/v2\/media?parent=71140"}],"wp:term":[{"taxonomy":"category","embeddable":true,"href":"https:\/\/linitiative.ca\/International\/wp-json\/wp\/v2\/categories?post=71140"},{"taxonomy":"post_tag","embeddable":true,"href":"https:\/\/linitiative.ca\/International\/wp-json\/wp\/v2\/tags?post=71140"}],"curies":[{"name":"wp","href":"https:\/\/api.w.org\/{rel}","templated":true}]}}