{"id":71141,"date":"2019-12-24T07:45:00","date_gmt":"2019-12-24T12:45:00","guid":{"rendered":"https:\/\/linitiative.ca\/International\/obseques-dahmed-gaid-salah-le-defunt-inhume-mercredi-au-cimetiere-del-alia-presidence-de-la-republique\/"},"modified":"2019-12-24T07:45:00","modified_gmt":"2019-12-24T12:45:00","slug":"obseques-dahmed-gaid-salah-le-defunt-inhume-mercredi-au-cimetiere-del-alia-presidence-de-la-republique","status":"publish","type":"post","link":"https:\/\/linitiative.ca\/International\/obseques-dahmed-gaid-salah-le-defunt-inhume-mercredi-au-cimetiere-del-alia-presidence-de-la-republique\/","title":{"rendered":"Obs\u00e8ques d&rsquo;Ahmed Ga\u00efd Salah : Le d\u00e9funt inhum\u00e9 mercredi au cimeti\u00e8re d&rsquo;El Alia (pr\u00e9sidence de la R\u00e9publique)"},"content":{"rendered":"<p>\u00ab\u00a0Les obs\u00e8ques d\u00e9buteront au Palais du Peuple, en rendant un dernier hommage au d\u00e9funt, avant de rejoindre sa derni\u00e8re demeure au carr\u00e9 des Martyrs au cimeti\u00e8re d&rsquo;El Alia apr\u00e8s la pri\u00e8re du Dohr\u00a0\u00bb, lit-on dans le communiqu\u00e9.<\/p>\n<p>\u00ab\u00a0Il est parmi les croyants des hommes qui ont \u00e9t\u00e9 sinc\u00e8res dans leur engagement envers Allah. Certains d&rsquo;entre eux ont atteint leur fin, et d&rsquo;autres attendent encore, et ils n&rsquo;ont vari\u00e9 aucunement. \u00ab\u00a0A dieu nous appartenons et \u00e0 Lui nous retournerons\u00a0\u00bb.<\/p>\n<p>Pour rappel, le G\u00e9n\u00e9ral de Corps d&rsquo;Arm\u00e9e Ahmed Ga\u00efd Salah est d\u00e9c\u00e9d\u00e9, lundi matin , des suites d&rsquo;un arr\u00eat cardiaque en son domicile \u00e0 l&rsquo;\u00e2ge de 80 ans. Le pr\u00e9sident de la R\u00e9publique, M. Abdelmadjid Tebboune a d\u00e9cr\u00e9t\u00e9 un deuil national de trois jours et de sept jours pour l&rsquo;institution de l&rsquo;ANP.<\/p>\n<p><strong>APS \/ R\u00e9daction Web. L<\/strong><\/p>\n<p>Auteur: elmoudjahid<br \/>\n<a href=\"http:\/\/www.elmoudjahid.com\/fr\/actualites\/146259\">Cliquez ici pour lire l&rsquo;article depuis sa source.<\/a><\/p>\n","protected":false},"excerpt":{"rendered":"<p>\u00ab\u00a0Les obs\u00e8ques d\u00e9buteront au Palais du Peuple, en rendant un dernier hommage au d\u00e9funt, avant de rejoindre sa derni\u00e8re demeure au carr\u00e9 des Martyrs au cimeti\u00e8re d&rsquo;El Alia apr\u00e8s la pri\u00e8re du Dohr\u00a0\u00bb, lit-on dans le communiqu\u00e9. \u00ab\u00a0Il est parmi les croyants des hommes qui ont \u00e9t\u00e9 sinc\u00e8res dans leur engagement envers Allah. Certains d&rsquo;entre [&hellip;]<\/p>\n","protected":false},"author":1744,"featured_media":0,"comment_status":"closed","ping_status":"closed","sticky":false,"template":"","format":"standard","meta":{"fifu_image_url":"","fifu_image_alt":"","footnotes":""},"categories":[73,53],"tags":[],"class_list":["post-71141","post","type-post","status-publish","format-standard","hentry","category-actualite","category-algerie"],"_links":{"self":[{"href":"https:\/\/linitiative.ca\/International\/wp-json\/wp\/v2\/posts\/71141","targetHints":{"allow":["GET"]}}],"collection":[{"href":"https:\/\/linitiative.ca\/International\/wp-json\/wp\/v2\/posts"}],"about":[{"href":"https:\/\/linitiative.ca\/International\/wp-json\/wp\/v2\/types\/post"}],"author":[{"embeddable":true,"href":"https:\/\/linitiative.ca\/International\/wp-json\/wp\/v2\/users\/1744"}],"replies":[{"embeddable":true,"href":"https:\/\/linitiative.ca\/International\/wp-json\/wp\/v2\/comments?post=71141"}],"version-history":[{"count":0,"href":"https:\/\/linitiative.ca\/International\/wp-json\/wp\/v2\/posts\/71141\/revisions"}],"wp:attachment":[{"href":"https:\/\/linitiative.ca\/International\/wp-json\/wp\/v2\/media?parent=71141"}],"wp:term":[{"taxonomy":"category","embeddable":true,"href":"https:\/\/linitiative.ca\/International\/wp-json\/wp\/v2\/categories?post=71141"},{"taxonomy":"post_tag","embeddable":true,"href":"https:\/\/linitiative.ca\/International\/wp-json\/wp\/v2\/tags?post=71141"}],"curies":[{"name":"wp","href":"https:\/\/api.w.org\/{rel}","templated":true}]}}