{"id":71143,"date":"2019-12-24T08:19:21","date_gmt":"2019-12-24T13:19:21","guid":{"rendered":"https:\/\/linitiative.ca\/International\/99348-2019-football-les-verts-retrouvent-le-sommet-de-l-afrique-29-ans-apres\/"},"modified":"2019-12-24T08:19:21","modified_gmt":"2019-12-24T13:19:21","slug":"99348-2019-football-les-verts-retrouvent-le-sommet-de-l-afrique-29-ans-apres","status":"publish","type":"post","link":"https:\/\/linitiative.ca\/International\/99348-2019-football-les-verts-retrouvent-le-sommet-de-l-afrique-29-ans-apres\/","title":{"rendered":"2019 &#8211; Football : les \u00ab\u00a0Verts\u00a0\u00bb retrouvent le sommet de l&rsquo;Afrique 29 ans apr\u00e8s"},"content":{"rendered":"<div readability=\"37\">\n<p><strong>ALGER- Le soir du 19 juillet au Caire, l&rsquo;Alg\u00e9rie a mis fin \u00e0 29 ans de disette gr\u00e2ce \u00e0 sa victoire en finale de la 32e Coupe d&rsquo;Afrique des nations de football (CAN-2019) aux d\u00e9pens du S\u00e9n\u00e9gal (1-0), permettant \u00e0 tout un pays de donner libre cours \u00e0 sa joie dans des sc\u00e8nes de liesses indescriptibles.<\/strong><\/p>\n<\/div>\n<div readability=\"167.5\">\n<p>Les co\u00e9quipiers du capitaine Riyad Mahrez ont r\u00e9ussi l\u00e0 o\u00f9 leurs pr\u00e9d\u00e9cesseurs avaient \u00e9chou\u00e9, depuis un premier sacre remport\u00e9 \u00e0 la maison en 1990, sous la conduite du regrett\u00e9 Abdelhamid Kermali face au Nigeria (1-0).<\/p>\n<blockquote readability=\"8\">\n<p><em><strong>L&rsquo;ann\u00e9e 2019 aura \u00e9t\u00e9 exceptionnelle \u00e0 tous les niveaux pour une \u00e9quipe qui a su s&rsquo;installer sur le toit de l&rsquo;Afrique, alors qu&rsquo;une ann\u00e9e plus t\u00f4t, elle avait touch\u00e9 le fond.<\/strong><\/em><\/p>\n<\/blockquote>\n<p>Les joueurs de Djamel Belmadi ont pu relever le d\u00e9fi et r\u00e9aliser un parcours digne d\u2019un champion pour d\u00e9jouer tous les pronostics et surtout imposer le respect. Apr\u00e8s trois d\u00e9cennies de disette, l\u2019\u00e9quipe nationale est parvenue non seulement \u00e0 r\u00e9habiliter son image, mais surtout se r\u00e9concilier d\u00e9finitivement avec ses supporters.<\/p>\n<p>Retour sur une ann\u00e9e exceptionnelle consid\u00e9r\u00e9e de loin par les fans du \u00ab\u00a0Club Alg\u00e9rie\u00a0\u00bb comme l&rsquo;une des plus \u00ab\u00a0m\u00e9morables\u00a0\u00bb de l&rsquo;histoire des \u00ab\u00a0Verts\u00a0\u00bb.<\/p>\n<blockquote readability=\"5\">\n<p><span class=\"c30\"><em><strong>\u00a0La promesse tenue de Belmadi\u00a0\u00a0<\/strong><\/em><\/span><\/p>\n<\/blockquote>\n<p>\u00a0Ayant retrouv\u00e9 des couleurs depuis l&rsquo;arriv\u00e9e de Belmadi, l&rsquo;EN avait certes des atouts \u00e0 faire valoir en terre \u00e9gyptienne, mais peu sont ceux qui avaient mis\u00e9 sur une victoire finale. Le pays h\u00f4te l&rsquo;Egypte, le S\u00e9n\u00e9gal ou encore le Maroc, \u00e9taient consid\u00e9r\u00e9s comme des favoris en puissance pour le sacre, avant que l&rsquo;Alg\u00e9rie ne coiffe au poteau tout le monde.<\/p>\n<p>Une seule personne croyait dur comme fer au potentiel de cette \u00e9quipe. Il s&rsquo;agit de Belmadi, qui avait clairement affich\u00e9 le 1er juin, avant le d\u00e9part en Egypte, ses ambitions de jouer le titre.<\/p>\n<p>\u00ab\u00a0Ce rendez-vous ne constitue nullement pour moi une \u00e9tape transitoire.<\/p>\n<blockquote readability=\"11\">\n<p><em><strong>Personne ne nous interdit d\u2019\u00eatre ambitieux dans la vie. Il fallait bien changer de discours avec les joueurs et ne pas se contenter de dire qu\u2019il faut r\u00e9aliser un bon parcours ou g\u00e9rer match par match. C&rsquo;est une\u00a0strat\u00e9gie, ma mani\u00e8re de fonctionner. Nous avons l\u2019ambition de remporter cette CAN\u00a0\u00bb, avait-il lanc\u00e9, en d\u00e9gageant une confiance qui lui a donn\u00e9 raison par la suite.<\/strong><\/em><\/p>\n<\/blockquote>\n<p>Sur place, les co\u00e9quipiers du capitaine Mahrez n&rsquo;ont pas tard\u00e9 \u00e0 dicter leur loi, alignant trois succ\u00e8s de rang au premier tour, ce qui n\u2019\u00e9tait plus arriv\u00e9 depuis l\u2019\u00e9dition 1990.<\/p>\n<p>La \u00ab\u00a0machine\u00a0\u00bb s&rsquo;est mise en branle \u00e0 plein r\u00e9gime d&rsquo;entr\u00e9e face au Kenya (2-0), avant de s&rsquo;offrir le S\u00e9n\u00e9gal, futur finaliste (1-0), pour ensuite balayer la Tanzanie avec un Onze largement remani\u00e9 (3-0).<\/p>\n<p>Sur sa lanc\u00e9e, rien ne semblait arr\u00eater cette \u00e9quipe qui s&rsquo;est \u00ab\u00a0jou\u00e9e\u00a0\u00bb de la Guin\u00e9e en huiti\u00e8mes de finale (3-0), avant d&rsquo;\u00e9prouver des difficult\u00e9s devant la C\u00f4te d&rsquo;Ivoire en quarts (1-1, aux t.a.b: 4-3). Les \u00ab\u00a0Verts\u00a0\u00bb<\/p>\n<p>allaient ensuite \u00e9liminer le Nigeria en demi-finales (2-1), au bout d&rsquo;un match palpitant.<\/p>\n<p>Solide d\u00e9fensivement et efficace offensivement, l\u2019\u00e9quipe nationale a survol\u00e9 cette CAN-2019, d\u00e9crochant six victoires pour un nul. Sur le plan des statistiques, les chiffres sont plus qu&rsquo;\u00e9difiants avec 13 buts marqu\u00e9s contre 2 encaiss\u00e9s.<\/p>\n<p>Sur le plan individuel, le milieu offensif Isma\u00ebl Bennacer (21 ans) a \u00e9t\u00e9 \u00e9lu meilleur joueur du tournoi, lui qui avait \u00e9t\u00e9 appel\u00e9 en renfort \u00e0 la derni\u00e8re minute, deux ann\u00e9es plus t\u00f4t, pour remplacer Saphir Ta\u00efder,\u00a0forfait sur blessure pour la CAN-2017 au Gabon, alors que Rais M&rsquo;bolhi a \u00e9t\u00e9 choisi meilleur gardien.<\/p>\n<blockquote readability=\"5\">\n<p><span class=\"c30\"><em><strong>\u00a0Un costume de champion assum\u00e9 avec brio<\/strong><\/em><\/span><\/p>\n<\/blockquote>\n<p>D\u00e9sormais championne d&rsquo;Afrique, l&rsquo;Alg\u00e9rie se devait d&rsquo;assumer son nouveau statut. Alors que d&rsquo;aucuns appr\u00e9hendaient un rel\u00e2chement et l&rsquo;euphorie post-CAN, il n&rsquo;en fut rien, puisque les \u00ab\u00a0Verts\u00a0\u00bb ont vite tourn\u00e9 la page \u00e9gyptienne pour se concentrer sur les prochaines \u00e9ch\u00e9ances.<\/p>\n<p>Pour sa premi\u00e8re sortie apr\u00e8s son sacre, l&rsquo;Alg\u00e9rie a assur\u00e9 l&rsquo;essentiel en l&#8217;emportant en amical face au B\u00e9nin (1-0) le 9 septembre au stade 5-Juillet. Un mois plus tard, les \u00ab\u00a0Verts\u00a0\u00bb ont mis \u00e0 profit la date Fifa<\/p>\n<p>pour disputer deux tests amicaux.<\/p>\n<p>Tenus en \u00e9chec, \u00e0 la surprise g\u00e9n\u00e9rale, le 10 octobre par la RD Congo (1-1) \u00e0 Blida, les Alg\u00e9riens allaient chercher une r\u00e9action d&rsquo;un champion cinq jours plus tard en atomisant la Colombie, 10e au classement Fifa, sur le score sans appel de 3-0 au stade Pierre-Mauroy de Lille (France).<\/p>\n<p>Cette victoire retentissante, face \u00e0 un adversaire coriace qui restait de surcro\u00eet sur une longue s\u00e9rie d&rsquo;invincibilit\u00e9, a permis aux co\u00e9quipiers de Youcef Atal de confirmer leur statut et surtout conforter les observateurs sur leur potentiel.<\/p>\n<blockquote readability=\"11\">\n<p><em><strong>Le mois de novembre a marqu\u00e9 le d\u00e9but des qualifications de la CAN-2021, premi\u00e8re \u00e9tape pour la d\u00e9fense de la couronne continentale. Les \u00ab\u00a0Verts\u00a0\u00bb n&rsquo;allaient faire qu&rsquo;une bouch\u00e9e de la Zambie \u00e0 Blida (5-0), avant d&rsquo;aller dominer le Botswana \u00e0 Gaborone (1-0), franchissant d\u00e9j\u00e0 un pas vers la qualification pour la phase finale pr\u00e9vue au Cameroun.<\/strong><\/em><\/p>\n<\/blockquote>\n<p>Et pour couronner une ann\u00e9e exceptionnelle, l&rsquo;\u00e9quipe nationale a boucl\u00e9 2019 sans la moindre d\u00e9faite,\u00a0parvenant m\u00eame \u00e0 battre le record d&rsquo;invincibilit\u00e9 de 17 matchs que d\u00e9tenait la s\u00e9lection des ann\u00e9es 1990\u00a0dirig\u00e9e par feu Kermali (15 rencontres).\u00a0<\/p>\n<p>En guise de reconnaissance, l&rsquo;EN est pr\u00e9sente en force dans les diff\u00e9rentes cat\u00e9gories des CAF Awards, r\u00e9compensant notamment le meilleur joueur de l&rsquo;ann\u00e9e. Dans le Top 10 du Ballon d&rsquo;or africain, trois Alg\u00e9riens ont \u00e9t\u00e9 nomin\u00e9s : Riyad Mahrez, Isma\u00ebl Bennacer et Youcef Bela\u00efli. Djamel Belmadi est en lice pour le troph\u00e9e du meilleur entra\u00eeneur de l&rsquo;ann\u00e9e, alors que la s\u00e9lection alg\u00e9rienne est nomm\u00e9e au titre de l&rsquo;\u00e9quipe de l&rsquo;ann\u00e9e.<\/p>\n<p>La c\u00e9r\u00e9monie de la 28e \u00e9dition des CAF Awards aura lieu le 7 janvier 2020 \u00e0 Hurghada, en Egypte.<\/p>\n<\/div>\n<p>Auteur:<br \/>\n<a href=\"http:\/\/www.aps.dz\/sport\/99348-2019-football-les-verts-retrouvent-le-sommet-de-l-afrique-29-ans-apres?utm_source=feedburner&#038;utm_medium=feed&#038;utm_campaign=Feed%3A+aps-sport+%28APS+-+SPORT%29\">Cliquez ici pour lire l&rsquo;article depuis sa source.<\/a><\/p>\n","protected":false},"excerpt":{"rendered":"<p>ALGER- Le soir du 19 juillet au Caire, l&rsquo;Alg\u00e9rie a mis fin \u00e0 29 ans de disette gr\u00e2ce \u00e0 sa victoire en finale de la 32e Coupe d&rsquo;Afrique des nations de football (CAN-2019) aux d\u00e9pens du S\u00e9n\u00e9gal (1-0), permettant \u00e0 tout un pays de donner libre cours \u00e0 sa joie dans des sc\u00e8nes de liesses [&hellip;]<\/p>\n","protected":false},"author":1790,"featured_media":0,"comment_status":"closed","ping_status":"closed","sticky":false,"template":"","format":"standard","meta":{"fifu_image_url":"","fifu_image_alt":"","footnotes":""},"categories":[53,75],"tags":[],"class_list":["post-71143","post","type-post","status-publish","format-standard","hentry","category-algerie","category-sport"],"_links":{"self":[{"href":"https:\/\/linitiative.ca\/International\/wp-json\/wp\/v2\/posts\/71143","targetHints":{"allow":["GET"]}}],"collection":[{"href":"https:\/\/linitiative.ca\/International\/wp-json\/wp\/v2\/posts"}],"about":[{"href":"https:\/\/linitiative.ca\/International\/wp-json\/wp\/v2\/types\/post"}],"author":[{"embeddable":true,"href":"https:\/\/linitiative.ca\/International\/wp-json\/wp\/v2\/users\/1790"}],"replies":[{"embeddable":true,"href":"https:\/\/linitiative.ca\/International\/wp-json\/wp\/v2\/comments?post=71143"}],"version-history":[{"count":0,"href":"https:\/\/linitiative.ca\/International\/wp-json\/wp\/v2\/posts\/71143\/revisions"}],"wp:attachment":[{"href":"https:\/\/linitiative.ca\/International\/wp-json\/wp\/v2\/media?parent=71143"}],"wp:term":[{"taxonomy":"category","embeddable":true,"href":"https:\/\/linitiative.ca\/International\/wp-json\/wp\/v2\/categories?post=71143"},{"taxonomy":"post_tag","embeddable":true,"href":"https:\/\/linitiative.ca\/International\/wp-json\/wp\/v2\/tags?post=71143"}],"curies":[{"name":"wp","href":"https:\/\/api.w.org\/{rel}","templated":true}]}}