{"id":71146,"date":"2019-12-24T13:03:31","date_gmt":"2019-12-24T18:03:31","guid":{"rendered":"https:\/\/linitiative.ca\/International\/99374-mondial-de-vovinam-viet-vo-dao-algerie-nous-avons-rate-la-2e-place\/"},"modified":"2019-12-24T13:03:31","modified_gmt":"2019-12-24T18:03:31","slug":"99374-mondial-de-vovinam-viet-vo-dao-algerie-nous-avons-rate-la-2e-place","status":"publish","type":"post","link":"https:\/\/linitiative.ca\/International\/99374-mondial-de-vovinam-viet-vo-dao-algerie-nous-avons-rate-la-2e-place\/","title":{"rendered":"Mondial de vovinam viet vo dao\/Alg\u00e9rie: \u00ab\u00a0nous avons rat\u00e9 la 2e place\u00a0\u00bb"},"content":{"rendered":"<div readability=\"38\">\n<p><strong>ALGER &#8211; Le pr\u00e9sident de la F\u00e9d\u00e9ration alg\u00e9rienne de vovinam viet vo dao, Mohamed Djouadj, a affirm\u00e9 mardi \u00e0 Alger \u00ab\u00a0que la s\u00e9lection alg\u00e9rienne avait la possibilit\u00e9 d&rsquo;acc\u00e9der \u00e0 la deuxi\u00e8me marche du podium si nous avions particip\u00e9 avec un nombre important d&rsquo;athl\u00e8tes\u00a0\u00bb, lors de la 6e \u00e9dition du Championnat du monde organis\u00e9e \u00e0 Phnom Penh au Cambodge.<\/strong><\/p>\n<\/div>\n<div readability=\"69.3884130982\">\n<p>Les Alg\u00e9riens se sont illustr\u00e9s de fort belle mani\u00e8re en terminant cet \u00e9v\u00e8nement mondial \u00e0 la 3e place avec 23 m\u00e9dailles (9 or, 8 argent et 6 bronze), devanc\u00e9s par le Cambodge, pays organisateur, qui a pris la 2e place avec un total de 19 m\u00e9dailles (9 or et 10 argent), soit deux m\u00e9dailles d&rsquo;argent de plus que l&rsquo;Alg\u00e9rie.<\/p>\n<p>Le titre mondial est revenu \u00e0 la s\u00e9lection vietnamienne qui a d\u00e9croch\u00e9 17 m\u00e9dailles d&rsquo;or.<\/p>\n<blockquote readability=\"11\">\n<p><em><strong>\u00ab\u00a0La s\u00e9lection alg\u00e9rienne a atteint ses objectifs fix\u00e9s avant le d\u00e9but de la comp\u00e9tition. Face au nombre important de participants au sein des s\u00e9lections de Cambodge et de Vietnam, nous n&rsquo;avons pas pu acc\u00e9der \u00e0 la plus haute marche du podium\u00a0\u00bb, a d\u00e9clar\u00e9 Djouadj \u00e0 l&rsquo;APS, \u00e0 l&rsquo;arriv\u00e9e de la d\u00e9l\u00e9gation alg\u00e9rienne \u00e0 l&rsquo;a\u00e9roport international Houari Boumedi\u00e8ne (Alger).<\/strong><\/em><\/p>\n<\/blockquote>\n<hr\/>\n<h3>Lire aussi:\u00a0<a href=\"http:\/\/www.aps.dz\/sport\/99281-mondial-de-vovinam-viet-vo-dao-l-algerie-termine-3e-avec-23-medailles\" target=\"_blank\" rel=\"noopener noreferrer\">Mondial de vovinam viet vo dao: l&rsquo;Alg\u00e9rie termine 3e avec 23 m\u00e9dailles<\/a>\u00a0<\/h3>\n<hr\/>\n<p>Pour le pr\u00e9sident de l&rsquo;instance f\u00e9d\u00e9rale, \u00ab\u00a0le niveau de cette comp\u00e9tition \u00e9tait excellent en pr\u00e9sence des repr\u00e9sentants de pays comme le Cambodge et bien s\u00fbr le Vietnam qui ont pris part \u00e0 ce rendez-vous mondial avec 30 athl\u00e8tes, ce qui leur a permis de participer \u00e0 toutes les sp\u00e9cialit\u00e9s, contrairement \u00e0 l&rsquo;Alg\u00e9rie qui a engag\u00e9 19 athl\u00e8tes, mais on aurait pu glaner d&rsquo;autres m\u00e9dailles d&rsquo;or\u00a0\u00bb.<\/p>\n<p>De leur c\u00f4t\u00e9, les athl\u00e8tes de la s\u00e9lection alg\u00e9rienne ont exprim\u00e9 leur satisfaction apr\u00e8s les r\u00e9sultats obtenus au mondial 2019, notamment ceux qui ont pris part pour la premi\u00e8re fois \u00e0 cette comp\u00e9tition internationale.<\/p>\n<p>Lors de la pr\u00e9c\u00e9dente \u00e9dition organis\u00e9e en 2017 \u00e0 New Delhi (Inde), les Alg\u00e9riens avaient termin\u00e9 la comp\u00e9tition \u00e0 la 2e place avec un total de 27 m\u00e9dailles (12 or, 11 argent et 4 bronze).<\/p>\n<p>Dix-neuf athl\u00e8tes de la s\u00e9lection alg\u00e9rienne de vovinam viet vo dao dont quatre filles ont pris part \u00e0 la 6e \u00e9dition du Championnat du monde au Cambodge, sous la houlette des entra\u00eeneurs Kamel Lounes, Boualem Keriati et Othmane Djelloudi.<\/p>\n<\/div>\n<p>Auteur:<br \/>\n<a href=\"http:\/\/www.aps.dz\/sport\/99374-mondial-de-vovinam-viet-vo-dao-algerie-nous-avons-rate-la-2e-place?utm_source=feedburner&#038;utm_medium=feed&#038;utm_campaign=Feed%3A+aps-sport+%28APS+-+SPORT%29\">Cliquez ici pour lire l&rsquo;article depuis sa source.<\/a><\/p>\n","protected":false},"excerpt":{"rendered":"<p>ALGER &#8211; Le pr\u00e9sident de la F\u00e9d\u00e9ration alg\u00e9rienne de vovinam viet vo dao, Mohamed Djouadj, a affirm\u00e9 mardi \u00e0 Alger \u00ab\u00a0que la s\u00e9lection alg\u00e9rienne avait la possibilit\u00e9 d&rsquo;acc\u00e9der \u00e0 la deuxi\u00e8me marche du podium si nous avions particip\u00e9 avec un nombre important d&rsquo;athl\u00e8tes\u00a0\u00bb, lors de la 6e \u00e9dition du Championnat du monde organis\u00e9e \u00e0 Phnom [&hellip;]<\/p>\n","protected":false},"author":1790,"featured_media":0,"comment_status":"closed","ping_status":"closed","sticky":false,"template":"","format":"standard","meta":{"fifu_image_url":"","fifu_image_alt":"","footnotes":""},"categories":[53,75],"tags":[],"class_list":["post-71146","post","type-post","status-publish","format-standard","hentry","category-algerie","category-sport"],"_links":{"self":[{"href":"https:\/\/linitiative.ca\/International\/wp-json\/wp\/v2\/posts\/71146","targetHints":{"allow":["GET"]}}],"collection":[{"href":"https:\/\/linitiative.ca\/International\/wp-json\/wp\/v2\/posts"}],"about":[{"href":"https:\/\/linitiative.ca\/International\/wp-json\/wp\/v2\/types\/post"}],"author":[{"embeddable":true,"href":"https:\/\/linitiative.ca\/International\/wp-json\/wp\/v2\/users\/1790"}],"replies":[{"embeddable":true,"href":"https:\/\/linitiative.ca\/International\/wp-json\/wp\/v2\/comments?post=71146"}],"version-history":[{"count":0,"href":"https:\/\/linitiative.ca\/International\/wp-json\/wp\/v2\/posts\/71146\/revisions"}],"wp:attachment":[{"href":"https:\/\/linitiative.ca\/International\/wp-json\/wp\/v2\/media?parent=71146"}],"wp:term":[{"taxonomy":"category","embeddable":true,"href":"https:\/\/linitiative.ca\/International\/wp-json\/wp\/v2\/categories?post=71146"},{"taxonomy":"post_tag","embeddable":true,"href":"https:\/\/linitiative.ca\/International\/wp-json\/wp\/v2\/tags?post=71146"}],"curies":[{"name":"wp","href":"https:\/\/api.w.org\/{rel}","templated":true}]}}