{"id":71148,"date":"2019-12-24T10:47:00","date_gmt":"2019-12-24T15:47:00","guid":{"rendered":"https:\/\/linitiative.ca\/International\/marine-le-pen-craint-une-vague-migratoire-algerienne\/"},"modified":"2019-12-24T10:47:00","modified_gmt":"2019-12-24T15:47:00","slug":"marine-le-pen-craint-une-vague-migratoire-algerienne","status":"publish","type":"post","link":"https:\/\/linitiative.ca\/International\/marine-le-pen-craint-une-vague-migratoire-algerienne\/","title":{"rendered":"Marine Le Pen craint une vague migratoire alg\u00e9rienne"},"content":{"rendered":"<p><br id=\"sep_para_1\" class=\"sep_para access\"\/><\/p>\n<div id=\"para_1\" class=\"para_34607297 resize\">\n<div class=\"texte access firstletter\">Pour Marine Le Pen, la disparition du chef de l\u2019\u00e9tat-major de l\u2019arm\u00e9e alg\u00e9rienne \u00ablaisse craindre des troubles politiques et sociaux en Alg\u00e9rie\u00bb. Ainsi, elle appelle \u00e0 la vigilance quant au risque d\u2019immigration en provenance d\u2019Alg\u00e9rie. Dans un message publi\u00e9 sur Twitter, la pr\u00e9sidente du Rassemblement national (RN) s\u2019est exprim\u00e9e sur le d\u00e9c\u00e8s du chef de l\u2019\u00e9tat-major de l\u2019Arm\u00e9e nationale populaire (ANP) alg\u00e9rienne, le g\u00e9n\u00e9ral du corps d\u2019arm\u00e9e Ahmed Ga\u00efd Salah. \u00abLa mort du chef d\u2019\u00e9tat-major de l\u2019arm\u00e9e, Ga\u00efd Salah, homme fort du r\u00e9gime alg\u00e9rien, laisse craindre des troubles politiques et sociaux en Alg\u00e9rie\u00bb, \u00e9crit-elle. Pour parer \u00e0 cette hypoth\u00e8se, Mme Le Pen sugg\u00e8re que \u00able principe de pr\u00e9caution oblige \u00e0 suspendre tous les accords facilitant l\u2019immigration en provenance d\u2019Alg\u00e9rie!\u00bb, a-t-elle propos\u00e9.<\/div>\n<\/div>\n<p>Auteur: R\u00e9flexion<br \/>\n<a href=\"https:\/\/www.reflexiondz.net\/Marine-Le-Pen-craint-une-vague-migratoire-algerienne_a59610.html\">Cliquez ici pour lire l&rsquo;article depuis sa source.<\/a><\/p>\n","protected":false},"excerpt":{"rendered":"<p>Pour Marine Le Pen, la disparition du chef de l\u2019\u00e9tat-major de l\u2019arm\u00e9e alg\u00e9rienne \u00ablaisse craindre des troubles politiques et sociaux en Alg\u00e9rie\u00bb. Ainsi, elle appelle \u00e0 la vigilance quant au risque d\u2019immigration en provenance d\u2019Alg\u00e9rie. Dans un message publi\u00e9 sur Twitter, la pr\u00e9sidente du Rassemblement national (RN) s\u2019est exprim\u00e9e sur le d\u00e9c\u00e8s du chef de [&hellip;]<\/p>\n","protected":false},"author":1740,"featured_media":0,"comment_status":"closed","ping_status":"closed","sticky":false,"template":"","format":"standard","meta":{"fifu_image_url":"","fifu_image_alt":"","footnotes":""},"categories":[53,76],"tags":[],"class_list":["post-71148","post","type-post","status-publish","format-standard","hentry","category-algerie","category-regions"],"_links":{"self":[{"href":"https:\/\/linitiative.ca\/International\/wp-json\/wp\/v2\/posts\/71148","targetHints":{"allow":["GET"]}}],"collection":[{"href":"https:\/\/linitiative.ca\/International\/wp-json\/wp\/v2\/posts"}],"about":[{"href":"https:\/\/linitiative.ca\/International\/wp-json\/wp\/v2\/types\/post"}],"author":[{"embeddable":true,"href":"https:\/\/linitiative.ca\/International\/wp-json\/wp\/v2\/users\/1740"}],"replies":[{"embeddable":true,"href":"https:\/\/linitiative.ca\/International\/wp-json\/wp\/v2\/comments?post=71148"}],"version-history":[{"count":0,"href":"https:\/\/linitiative.ca\/International\/wp-json\/wp\/v2\/posts\/71148\/revisions"}],"wp:attachment":[{"href":"https:\/\/linitiative.ca\/International\/wp-json\/wp\/v2\/media?parent=71148"}],"wp:term":[{"taxonomy":"category","embeddable":true,"href":"https:\/\/linitiative.ca\/International\/wp-json\/wp\/v2\/categories?post=71148"},{"taxonomy":"post_tag","embeddable":true,"href":"https:\/\/linitiative.ca\/International\/wp-json\/wp\/v2\/tags?post=71148"}],"curies":[{"name":"wp","href":"https:\/\/api.w.org\/{rel}","templated":true}]}}