{"id":71149,"date":"2019-12-24T11:49:00","date_gmt":"2019-12-24T16:49:00","guid":{"rendered":"https:\/\/linitiative.ca\/International\/ansej-340-nouvelles-micro-entreprises-financees-a-mostaganem\/"},"modified":"2019-12-24T11:49:00","modified_gmt":"2019-12-24T16:49:00","slug":"ansej-340-nouvelles-micro-entreprises-financees-a-mostaganem","status":"publish","type":"post","link":"https:\/\/linitiative.ca\/International\/ansej-340-nouvelles-micro-entreprises-financees-a-mostaganem\/","title":{"rendered":"ANSEJ  : 340 nouvelles micro-entreprises financ\u00e9es \u00e0 Mostaganem"},"content":{"rendered":"<p><br id=\"sep_para_1\" class=\"sep_para access\"\/><\/p>\n<div id=\"para_1\" class=\"para_34611850 resize\">\n<div class=\"photo shadow left\"><a href=\"javascript:void(0)\" rel=\"https:\/\/www.reflexiondz.net\/photo\/art\/grande\/41058722-34611850.jpg?v=1577211537&#038;ibox\" title=\"ANSEJ : 340 nouvelles micro-entreprises financ\u00e9es \u00e0 Mostaganem\"><img decoding=\"async\" class=\"responsive c9\" src=\"https:\/\/www.reflexiondz.net\/photo\/art\/grande\/41058722-34611850.jpg?v=1577211537\" alt=\"ANSEJ : 340 nouvelles micro-entreprises financ\u00e9es \u00e0 Mostaganem\" title=\"ANSEJ : 340 nouvelles micro-entreprises financ\u00e9es \u00e0 Mostaganem\"\/><img decoding=\"async\" class=\"not-responsive\" src=\"https:\/\/www.reflexiondz.net\/photo\/art\/default\/41058722-34611850.jpg?v=1577211539\" alt=\"ANSEJ : 340 nouvelles micro-entreprises financ\u00e9es \u00e0 Mostaganem\" title=\"ANSEJ : 340 nouvelles micro-entreprises financ\u00e9es \u00e0 Mostaganem\"\/><\/a><\/div>\n<div class=\"texte access firstletter\">L\u2019action sur le terrain s\u2019est av\u00e9r\u00e9e payante puisque, selon la situation arr\u00eat\u00e9e au 24 D\u00e9cembre 2019 par l\u2019Agence nationale de soutien aux jeunes de Mostaganem, il a \u00e9t\u00e9 enregistr\u00e9, pas moins de 388 dossiers inscrits, alors que les dossiers complets ayant \u00e9t\u00e9 d\u00e9pos\u00e9s sont au nombre de 326 et ce, dans une premi\u00e8re \u00e9tape. Quant aux dossiers valid\u00e9s par la commission comp\u00e9tente, 359 ont \u00e9t\u00e9 enregistr\u00e9s. Dans la seconde \u00e9tape, il est \u00e0 noter que 314 attestations d\u2019\u00e9ligibilit\u00e9 ont \u00e9t\u00e9 \u00e9tablies et sign\u00e9es, dont 311 attestations d\u2019\u00e9ligibilit\u00e9 ont \u00e9t\u00e9 d\u00e9livr\u00e9es. Au cours de la troisi\u00e8me phase qui est aussi la phase finale, 314 dossiers ont \u00e9t\u00e9 d\u00e9pos\u00e9s au niveau des banques dont\u00a0 340 dossiers ont fait l\u2019objet d\u2019accord bancaire. En ce qui concerne le financement par les banques, ce sont quelque 228 projets qui en ont b\u00e9n\u00e9fici\u00e9. S\u2019agissant de l\u2019emploi\u00a0 cr\u00e9\u00e9 directement lors du d\u00e9marrage des projets\u00a0 en question, il a \u00e9t\u00e9 compt\u00e9 au nombre de 492. Selon les premi\u00e8res estimations et appr\u00e9ciations, du Directeur de l\u2019ANSEJ locale, M.Abdallah Nehila, les r\u00e9sultats vont dans le sens d\u2019une progression croissante de l\u2019int\u00e9r\u00eat des jeunes vers les projets de cr\u00e9ation de la micro-entreprise comme base de cr\u00e9ation de richesses et d\u2019emplois, susceptible de connaitre un d\u00e9veloppement socio-\u00e9conomique. En tout \u00e9tat de cause, attendu que\u00a0 les r\u00e9sultats seraient \u00e0 la hauteur, il y lieu de signaler\u00a0 que les efforts conjugu\u00e9s qui\u00a0 ont \u00e9t\u00e9 d\u00e9ploy\u00e9s par les divers intervenants ont \u00e9t\u00e9 rehauss\u00e9s notamment, par la lev\u00e9e de gel sur l\u2019op\u00e9ration entrant dans le cadre de l\u2019extension des projets solvables. M. A. Nehila, directeur de l\u2019Ansej \u00e0 Mostaganem, a r\u00e9v\u00e9l\u00e9 \u00e9galement que les entreprises mont\u00e9es dans le cadre des dispositifs ANSEJ seront assujetties, d\u00e9sormais, \u00e0 un \u00e9ventuel r\u00e9\u00e9chelonnement des cr\u00e9dits et effacement des Agios. Ce qui\u00a0 n\u2019a pas manqu\u00e9 de rassurer les jeunes promoteurs et\u00a0 de booster la cr\u00e9ation des petites entreprises locales.<\/div>\n<\/div>\n<p>Auteur: Y.Zahachi<br \/>\n<a href=\"https:\/\/www.reflexiondz.net\/ANSEJ-340-nouvelles-micro-entreprises-financees-a-Mostaganem_a59611.html\">Cliquez ici pour lire l&rsquo;article depuis sa source.<\/a><\/p>\n","protected":false},"excerpt":{"rendered":"<p>L\u2019action sur le terrain s\u2019est av\u00e9r\u00e9e payante puisque, selon la situation arr\u00eat\u00e9e au 24 D\u00e9cembre 2019 par l\u2019Agence nationale de soutien aux jeunes de Mostaganem, il a \u00e9t\u00e9 enregistr\u00e9, pas moins de 388 dossiers inscrits, alors que les dossiers complets ayant \u00e9t\u00e9 d\u00e9pos\u00e9s sont au nombre de 326 et ce, dans une premi\u00e8re \u00e9tape. Quant [&hellip;]<\/p>\n","protected":false},"author":1740,"featured_media":0,"comment_status":"closed","ping_status":"closed","sticky":false,"template":"","format":"standard","meta":{"fifu_image_url":"","fifu_image_alt":"","footnotes":""},"categories":[53,76],"tags":[],"class_list":["post-71149","post","type-post","status-publish","format-standard","hentry","category-algerie","category-regions"],"_links":{"self":[{"href":"https:\/\/linitiative.ca\/International\/wp-json\/wp\/v2\/posts\/71149","targetHints":{"allow":["GET"]}}],"collection":[{"href":"https:\/\/linitiative.ca\/International\/wp-json\/wp\/v2\/posts"}],"about":[{"href":"https:\/\/linitiative.ca\/International\/wp-json\/wp\/v2\/types\/post"}],"author":[{"embeddable":true,"href":"https:\/\/linitiative.ca\/International\/wp-json\/wp\/v2\/users\/1740"}],"replies":[{"embeddable":true,"href":"https:\/\/linitiative.ca\/International\/wp-json\/wp\/v2\/comments?post=71149"}],"version-history":[{"count":0,"href":"https:\/\/linitiative.ca\/International\/wp-json\/wp\/v2\/posts\/71149\/revisions"}],"wp:attachment":[{"href":"https:\/\/linitiative.ca\/International\/wp-json\/wp\/v2\/media?parent=71149"}],"wp:term":[{"taxonomy":"category","embeddable":true,"href":"https:\/\/linitiative.ca\/International\/wp-json\/wp\/v2\/categories?post=71149"},{"taxonomy":"post_tag","embeddable":true,"href":"https:\/\/linitiative.ca\/International\/wp-json\/wp\/v2\/tags?post=71149"}],"curies":[{"name":"wp","href":"https:\/\/api.w.org\/{rel}","templated":true}]}}