{"id":71151,"date":"2019-12-24T11:49:00","date_gmt":"2019-12-24T16:49:00","guid":{"rendered":"https:\/\/linitiative.ca\/International\/mostaganem-importation-denviron-38-000-tonnes-de-semences-de-pommes-de-terre\/"},"modified":"2019-12-24T11:49:00","modified_gmt":"2019-12-24T16:49:00","slug":"mostaganem-importation-denviron-38-000-tonnes-de-semences-de-pommes-de-terre","status":"publish","type":"post","link":"https:\/\/linitiative.ca\/International\/mostaganem-importation-denviron-38-000-tonnes-de-semences-de-pommes-de-terre\/","title":{"rendered":"MOSTAGANEM : Importation d\u2019environ 38.000 tonnes  de semences de pommes de terre"},"content":{"rendered":"<p><br id=\"sep_para_1\" class=\"sep_para access\"\/><\/p>\n<div id=\"para_1\" class=\"para_34611854 resize\">\n<div class=\"texte access firstletter\">Selon la direction des services agricoles, une quantit\u00e9 de38 .000 tonnes de semences de pommes de terre environ sera import\u00e9e, en pr\u00e9vision de la saison agricole 2020-2021. En effet,\u00a0 la quantit\u00e9 de diff\u00e9rents types de semences de pommes de terre, import\u00e9e des Pays-Bas, de la France et du Danemark a atteint jusqu&rsquo;\u00e0 pr\u00e9sent pr\u00e8s de 38 000 tonnes, notant que l\u2019op\u00e9ration a d\u00e9but\u00e9\u00a0 en octobre dernier. Il est pr\u00e9vu que la quantit\u00e9 de semences de pommes de terre import\u00e9e via le port de Mostaganem, destin\u00e9e \u00e0 couvrir les besoins \u00e0 travers le territoire national, d\u00e9passerait\u00a0 les 90 000 tonnes. A peine arriv\u00e9es,\u00a0 ces\u00a0 graines import\u00e9es au\u00a0 port de Mostaganem,\u00a0 seront\u00a0 soumises aux analyses du laboratoire de\u00a0 la station r\u00e9gionale de la protection des v\u00e9g\u00e9taux (SRPV), afin de s\u2019assurer de leur qualit\u00e9 semenci\u00e8res et phytosanitaires.\u00a0 Une fois, les semences autoris\u00e9es \u00e0 sortir du port, feront\u00a0 l&rsquo;objet d&rsquo;analyses compl\u00e9mentaires au niveau des sites de stockage avant la d\u00e9livrance de la licence de vente. Les prix des semences sur le march\u00e9 national durant\u00a0 cette saison restent \u00e0 la port\u00e9e de l\u2019agriculteur, vu que le prix d\u2019un quintal de semences de vari\u00e9t\u00e9s \u00ab\u00a0Rudolf\u00a0\u00bb, oscille entre 15 000 et 20 000 dinars. Par ailleurs, notons que la plantation de ce tubercule de la vari\u00e9t\u00e9 Spunta,\u00a0 s\u2019effectue\u00a0 normalement,\u00a0 fin octobre, d\u00e9but novembre, dont le prix du quintal est\u00a0 moins cher que la vari\u00e9t\u00e9 Rudolf. Celle-ci donnera une production entre 600 et 700 q\/ ha. Il est utile de signaler qu\u2019il a \u00e9t\u00e9 plant\u00e9 1750 ha\u00a0 de pommes de terre saison et r\u00e9colt\u00e9 240 ha de ce produit dont le rendement varie entre 200 et 300 quintaux.\u00a0\u00a0<\/div>\n<\/div>\n<p>Auteur: G.Yacine<br \/>\n<a href=\"https:\/\/www.reflexiondz.net\/MOSTAGANEM-Importation-d-environ-38-000-tonnes-de-semences-de-pommes-de-terre_a59612.html\">Cliquez ici pour lire l&rsquo;article depuis sa source.<\/a><\/p>\n","protected":false},"excerpt":{"rendered":"<p>Selon la direction des services agricoles, une quantit\u00e9 de38 .000 tonnes de semences de pommes de terre environ sera import\u00e9e, en pr\u00e9vision de la saison agricole 2020-2021. En effet,\u00a0 la quantit\u00e9 de diff\u00e9rents types de semences de pommes de terre, import\u00e9e des Pays-Bas, de la France et du Danemark a atteint jusqu&rsquo;\u00e0 pr\u00e9sent pr\u00e8s de [&hellip;]<\/p>\n","protected":false},"author":1740,"featured_media":0,"comment_status":"closed","ping_status":"closed","sticky":false,"template":"","format":"standard","meta":{"fifu_image_url":"","fifu_image_alt":"","footnotes":""},"categories":[53,76],"tags":[],"class_list":["post-71151","post","type-post","status-publish","format-standard","hentry","category-algerie","category-regions"],"_links":{"self":[{"href":"https:\/\/linitiative.ca\/International\/wp-json\/wp\/v2\/posts\/71151","targetHints":{"allow":["GET"]}}],"collection":[{"href":"https:\/\/linitiative.ca\/International\/wp-json\/wp\/v2\/posts"}],"about":[{"href":"https:\/\/linitiative.ca\/International\/wp-json\/wp\/v2\/types\/post"}],"author":[{"embeddable":true,"href":"https:\/\/linitiative.ca\/International\/wp-json\/wp\/v2\/users\/1740"}],"replies":[{"embeddable":true,"href":"https:\/\/linitiative.ca\/International\/wp-json\/wp\/v2\/comments?post=71151"}],"version-history":[{"count":0,"href":"https:\/\/linitiative.ca\/International\/wp-json\/wp\/v2\/posts\/71151\/revisions"}],"wp:attachment":[{"href":"https:\/\/linitiative.ca\/International\/wp-json\/wp\/v2\/media?parent=71151"}],"wp:term":[{"taxonomy":"category","embeddable":true,"href":"https:\/\/linitiative.ca\/International\/wp-json\/wp\/v2\/categories?post=71151"},{"taxonomy":"post_tag","embeddable":true,"href":"https:\/\/linitiative.ca\/International\/wp-json\/wp\/v2\/tags?post=71151"}],"curies":[{"name":"wp","href":"https:\/\/api.w.org\/{rel}","templated":true}]}}